{"id":14271,"date":"2020-05-14T10:16:08","date_gmt":"2020-05-14T08:16:08","guid":{"rendered":"https:\/\/www.beveswelt.de\/?p=14271"},"modified":"2020-05-14T10:16:08","modified_gmt":"2020-05-14T08:16:08","slug":"souvenirs-und-dinge-vi","status":"publish","type":"post","link":"https:\/\/www.beveswelt.de\/?p=14271","title":{"rendered":"Souvenirs und Dinge VI"},"content":{"rendered":"<p>Meistens habe ich ja bei \u00dcbernachtungsbuchungen ein gl\u00fcckliches H\u00e4ndchen, obgleich die Kategorie &#8222;g\u00fcnstig&#8220; an erster Stelle steht. Egal ob AirBnB, Hotel oder Pension. Egal ob ich mit Menschen in einer Wohnung bin, oder alleine in einem Zimmer. Bin da auch nicht so pingelig &#8211; und erwarte auch f\u00fcr meine Kategorien keinen Palast. Meist werfe ich meinen Rucksack in die Bude &#8211; und bin dann den ganzen Tag drau\u00dfen.<\/p>\n<p><!--more--><\/p>\n<p>Aber nat\u00fcrlich gibt es Ausnahmen. Wie in Tallinn, als ich in einem Hotel nahe der F\u00e4hre in einem fensterlosen Raum gelandet bin &#8211; am hei\u00dfesten Tag des Jahrtausends. Aber selbst da sorgten freundliche Mitarbeiter f\u00fcr einen Ventilator und das lange Gespr\u00e4ch mit einem ehemaligen russischen Kapit\u00e4n bei Cigaretten und Tee am fr\u00fchen Morgen wird unvergesslich bleiben. Wir hockten oberk\u00f6rperfrei am Stra\u00dfenrand und quatschten bis meine F\u00e4hre rief.<\/p>\n<p>In Lissabon war unsere Unterkunft auch eher suboptimal. Die Dusche befand sich auf dem Gang &#8211; und direkt vor der Zimmert\u00fcr standen B\u00e4nke f\u00fcr die Wenigen, die hier fr\u00fchst\u00fcckten. Wir mussten mitten durch. Drau\u00dfen vor dem Fenster rauschte der Verkehr. Immerhin gab es ein Stockwerk h\u00f6her eine Terrasse mit Blick in den Hof und die angrenzende Fu\u00dfg\u00e4ngerzone. So war dann doch alles halb so wild.<\/p>\n<p>In dieser kleinen Fu\u00dfg\u00e4ngerzone gab es ein kleines Caf\u00e9 &#8211; im Schaufenster standen einige Dinge zum Verkauf, darunter eine Tasse, die mir gefiel. Jetzt haben wir zig Tassen im Schrank; das letzte, was ich brauchte war eine Tasse. Aber ich ging oft daran vorbei &#8211; und wenn etwas zieht, dann solltest du darauf h\u00f6ren. Am vorletzten Tag \u00fcberwand ich mich und wollte die Tasse kaufen. Aber die Verk\u00e4uferin weigerte sich relativ desinteressiert, mir das Ding zu verkaufen. Andere gab es im Laden nicht und so zog ich verwundert und unverrichteter Dinge wieder ab.<\/p>\n<p>Nachmittags spazierten wir von der Alfama Richtung Innenstadt. Pia wies mich auf einen kleinen Souvenirladen hin. Nicht so einen mit billigem Krimskrams, sondern einen, der sich die Dinge die er verkauft, sorgf\u00e4ltig ausgesucht hatte. &#8222;Guck doch da mal, ob du eine Tasse findest,&#8220; meinte sie &#8211; und ich wollte mich zun\u00e4chst weigern. Letztlich ging ich doch hinein &#8211; und sah eine buntlackierte Tontasse. \u00dcblicherweise ignoriere ich solche Spontanfunde, vor allem wenn es um Tassen geht. Und die, die ich wollte, existierte nur noch in meiner Erinnerung. Dennoch gab ich meinem Impuls nach. &#8222;Handmade&#8220; meinte die Verk\u00e4uferin, als sie mir die Tasse einpackte. Ich nickte brav und bezahlte.<\/p>\n<p>Seitdem habe ich an jedem Tag, an dem ich Zuhause war, meinen Tee aus dieser Tasse getrunken. Sie steht leuchtend auf meinem Schreibtisch &#8211; und erinnert mich an die Tage in Lissabon. An Pasteis de Nata, den Spaziergang auf der anderen Seite des Tejos und den Blick \u00fcber die Alfama. Und wenn ich sie jetzt ansehe, werde ich gerade in diesen Zeiten sentimental.<\/p>\n<p><a href=\"https:\/\/www.beveswelt.de\/wp-content\/uploads\/2020\/05\/IMG_6392w.jpg\"><img decoding=\"async\" class=\"aligncenter size-full wp-image-14272\" src=\"https:\/\/www.beveswelt.de\/wp-content\/uploads\/2020\/05\/IMG_6392w.jpg\" alt=\"\" width=\"800\" height=\"530\" srcset=\"https:\/\/www.beveswelt.de\/wp-content\/uploads\/2020\/05\/IMG_6392w.jpg 800w, https:\/\/www.beveswelt.de\/wp-content\/uploads\/2020\/05\/IMG_6392w-300x199.jpg 300w, https:\/\/www.beveswelt.de\/wp-content\/uploads\/2020\/05\/IMG_6392w-768x509.jpg 768w\" sizes=\"(max-width: 800px) 100vw, 800px\" \/><\/a><\/p>\n","protected":false},"excerpt":{"rendered":"<p>Meistens habe ich ja bei \u00dcbernachtungsbuchungen ein gl\u00fcckliches H\u00e4ndchen, obgleich die Kategorie &#8222;g\u00fcnstig&#8220; an erster Stelle steht. Egal ob AirBnB, Hotel oder Pension. Egal ob ich mit Menschen in einer Wohnung bin, oder alleine in einem Zimmer. Bin da auch nicht so pingelig &#8211; und erwarte auch f\u00fcr meine Kategorien keinen Palast. Meist werfe ich [&hellip;]<\/p>\n","protected":false},"author":2,"featured_media":14272,"comment_status":"closed","ping_status":"closed","sticky":false,"template":"","format":"standard","meta":{"ngg_post_thumbnail":0,"footnotes":""},"categories":[10,12],"tags":[2296,992,2295,2308],"class_list":["post-14271","post","type-post","status-publish","format-standard","has-post-thumbnail","hentry","category-photographie","category-wortwelt","tag-dinge","tag-lissabon","tag-souvenirs","tag-tasse","post-preview"],"_links":{"self":[{"href":"https:\/\/www.beveswelt.de\/index.php?rest_route=\/wp\/v2\/posts\/14271","targetHints":{"allow":["GET"]}}],"collection":[{"href":"https:\/\/www.beveswelt.de\/index.php?rest_route=\/wp\/v2\/posts"}],"about":[{"href":"https:\/\/www.beveswelt.de\/index.php?rest_route=\/wp\/v2\/types\/post"}],"author":[{"embeddable":true,"href":"https:\/\/www.beveswelt.de\/index.php?rest_route=\/wp\/v2\/users\/2"}],"replies":[{"embeddable":true,"href":"https:\/\/www.beveswelt.de\/index.php?rest_route=%2Fwp%2Fv2%2Fcomments&post=14271"}],"version-history":[{"count":2,"href":"https:\/\/www.beveswelt.de\/index.php?rest_route=\/wp\/v2\/posts\/14271\/revisions"}],"predecessor-version":[{"id":14274,"href":"https:\/\/www.beveswelt.de\/index.php?rest_route=\/wp\/v2\/posts\/14271\/revisions\/14274"}],"wp:featuredmedia":[{"embeddable":true,"href":"https:\/\/www.beveswelt.de\/index.php?rest_route=\/wp\/v2\/media\/14272"}],"wp:attachment":[{"href":"https:\/\/www.beveswelt.de\/index.php?rest_route=%2Fwp%2Fv2%2Fmedia&parent=14271"}],"wp:term":[{"taxonomy":"category","embeddable":true,"href":"https:\/\/www.beveswelt.de\/index.php?rest_route=%2Fwp%2Fv2%2Fcategories&post=14271"},{"taxonomy":"post_tag","embeddable":true,"href":"https:\/\/www.beveswelt.de\/index.php?rest_route=%2Fwp%2Fv2%2Ftags&post=14271"}],"curies":[{"name":"wp","href":"https:\/\/api.w.org\/{rel}","templated":true}]}}