{"id":14228,"date":"2020-04-30T10:13:22","date_gmt":"2020-04-30T08:13:22","guid":{"rendered":"https:\/\/www.beveswelt.de\/?p=14228"},"modified":"2020-04-30T10:13:22","modified_gmt":"2020-04-30T08:13:22","slug":"souvenirs-und-dinge-ii","status":"publish","type":"post","link":"https:\/\/www.beveswelt.de\/?p=14228","title":{"rendered":"Souvenirs und Dinge II"},"content":{"rendered":"<p>Ein paar Dinge von fr\u00fcher habe ich aufgehoben, vieles jedoch ist auf dem M\u00fcllhaufen der Geschichte gelandet. Manches vermisse ich, das meiste habe ich allerdings vergessen. In den aufgehobenen Dingen b\u00fcndelt sich Zeit, darin eingewoben Erinnerungen. Erinnerungen an eine Kindheit, die nicht immer gl\u00fccklich war. Warum habe ich in Ans\u00e4tzen erst viel sp\u00e4ter begriffen. Gl\u00fccklich war ich manchmal. Auch im Jahr 1970. Ich hatte schwimmen gelernt.<\/p>\n<p><!--more--><\/p>\n<p>Autos hatten von klein auf eine gro\u00dfe Bedeutung f\u00fcr mich. Anhand der Nummernschilder lernte ich lesen. Mit vier. In unsere Stra\u00dfe parkten h\u00e4ufig Wagen mit gr\u00fcnen Kennzeichen. Es waren &#8222;die Amis&#8220;. Ein abstraktes Faszinosum. Anhand der Motorenger\u00e4usche konnte ich erkennen, welches Auto um die Ecke bog. K\u00e4fer, Kadett, Mercedes Diesel. Ich sammelte Bildchen von Autos, sorgf\u00e4lig eingeklebt in mein Album, Auto Parade, Americana. Nat\u00fcrlich habe ich es nie voll bekommen, und irgendwann ist es im M\u00fcll gelandet, oft hatte ich daran gedacht. In meiner Schult\u00fcte steckten einige T\u00fctchen mit Bildern, es war das beste an der Einschulung. F\u00fcr ein paar Euro besorgte ich mir vor ein paar Jahren ein altes Exemplar, ebenfalls nicht vollst\u00e4ndig. Auch an mein altes Quartett, ebenfalls verschwunden, dachte ich oft. Als ich das gleiche vor etlichen Jahren auf einem Flohmarkt entdeckte, war ich kurzzeitig gl\u00fccklich. Aber es strahlt nicht die Aura der eigenen Geschichte, wurde nicht von meinen H\u00e4nden durchgespielt. Aber immerhin ein Trigger. Vier Zylinder, Stich.<\/p>\n<p>Das Wort &#8222;Matchboxauto&#8220; besitzt f\u00fcr mich noch immer eine magische Bedeutung. Ganz gro\u00df waren die neueren Modelle, mit den leicht gefederten Kunsstoffreifen. Die alten Reifen waren noch aus Metall. Nat\u00fcrlich hatte ich nie eine Carrerabahn, in meinem Besitz befand sich ein kurvige Bahn aus zusammen gesteckten Kunsstoffschienen. Mit einem batteriebetriebenen Aufzug fuhren die Autos in die H\u00f6he und sausten dann durch das wacklige Gestell nach unten Kreis. Es waren schwere Batterien drin, die alle naslang leer waren. Dann mussten die Autos von Hand eingesetzt werden. Peu a peu brachen die Halterungen der Bahn, eine zeitlang spielte ich noch springen, baute die Bahn so, dass die Autos am Ende durch mein Zimmer flogen &#8211; und ich wusste damals, welche Wagen gute Springer waren und welche nicht.<\/p>\n<p>1970 lernte ich schwimmen &#8211; noch bevor ich in die Schule kam. Zur Belohnung nach bestandener Pr\u00fcfung lief ich mit meiner Mutter durch Frankfurt und durfte mir ein Matchboxauto aussuchen. Ich w\u00e4hlte einen Mini Cooper. Es war ein gl\u00fccklicher Moment. Ob er ein guter Springer war, habe ich vergessen. Aber ich besitze ihn heute noch. Und vielleicht ist er auch das letzte, was ich im Zweifel weggeben w\u00fcrde.<\/p>\n<p><a href=\"https:\/\/www.beveswelt.de\/wp-content\/uploads\/2020\/04\/DSC07346w-1.jpg\"><img decoding=\"async\" class=\"aligncenter size-full wp-image-14231\" src=\"https:\/\/www.beveswelt.de\/wp-content\/uploads\/2020\/04\/DSC07346w-1.jpg\" alt=\"\" width=\"800\" height=\"600\" srcset=\"https:\/\/www.beveswelt.de\/wp-content\/uploads\/2020\/04\/DSC07346w-1.jpg 800w, https:\/\/www.beveswelt.de\/wp-content\/uploads\/2020\/04\/DSC07346w-1-300x225.jpg 300w, https:\/\/www.beveswelt.de\/wp-content\/uploads\/2020\/04\/DSC07346w-1-768x576.jpg 768w\" sizes=\"(max-width: 800px) 100vw, 800px\" \/><\/a><\/p>\n<p>&nbsp;<\/p>\n<p>&nbsp;<\/p>\n","protected":false},"excerpt":{"rendered":"<p>Ein paar Dinge von fr\u00fcher habe ich aufgehoben, vieles jedoch ist auf dem M\u00fcllhaufen der Geschichte gelandet. Manches vermisse ich, das meiste habe ich allerdings vergessen. In den aufgehobenen Dingen b\u00fcndelt sich Zeit, darin eingewoben Erinnerungen. Erinnerungen an eine Kindheit, die nicht immer gl\u00fccklich war. Warum habe ich in Ans\u00e4tzen erst viel sp\u00e4ter begriffen. Gl\u00fccklich [&hellip;]<\/p>\n","protected":false},"author":2,"featured_media":14231,"comment_status":"closed","ping_status":"closed","sticky":false,"template":"","format":"standard","meta":{"ngg_post_thumbnail":0,"footnotes":""},"categories":[10,12],"tags":[716,2296,2300,2299,2295],"class_list":["post-14228","post","type-post","status-publish","format-standard","has-post-thumbnail","hentry","category-photographie","category-wortwelt","tag-716","tag-dinge","tag-erinnerungen","tag-mini-cooper","tag-souvenirs","post-preview"],"_links":{"self":[{"href":"https:\/\/www.beveswelt.de\/index.php?rest_route=\/wp\/v2\/posts\/14228","targetHints":{"allow":["GET"]}}],"collection":[{"href":"https:\/\/www.beveswelt.de\/index.php?rest_route=\/wp\/v2\/posts"}],"about":[{"href":"https:\/\/www.beveswelt.de\/index.php?rest_route=\/wp\/v2\/types\/post"}],"author":[{"embeddable":true,"href":"https:\/\/www.beveswelt.de\/index.php?rest_route=\/wp\/v2\/users\/2"}],"replies":[{"embeddable":true,"href":"https:\/\/www.beveswelt.de\/index.php?rest_route=%2Fwp%2Fv2%2Fcomments&post=14228"}],"version-history":[{"count":2,"href":"https:\/\/www.beveswelt.de\/index.php?rest_route=\/wp\/v2\/posts\/14228\/revisions"}],"predecessor-version":[{"id":14232,"href":"https:\/\/www.beveswelt.de\/index.php?rest_route=\/wp\/v2\/posts\/14228\/revisions\/14232"}],"wp:featuredmedia":[{"embeddable":true,"href":"https:\/\/www.beveswelt.de\/index.php?rest_route=\/wp\/v2\/media\/14231"}],"wp:attachment":[{"href":"https:\/\/www.beveswelt.de\/index.php?rest_route=%2Fwp%2Fv2%2Fmedia&parent=14228"}],"wp:term":[{"taxonomy":"category","embeddable":true,"href":"https:\/\/www.beveswelt.de\/index.php?rest_route=%2Fwp%2Fv2%2Fcategories&post=14228"},{"taxonomy":"post_tag","embeddable":true,"href":"https:\/\/www.beveswelt.de\/index.php?rest_route=%2Fwp%2Fv2%2Ftags&post=14228"}],"curies":[{"name":"wp","href":"https:\/\/api.w.org\/{rel}","templated":true}]}}