{"id":12731,"date":"2018-02-07T11:52:50","date_gmt":"2018-02-07T10:52:50","guid":{"rendered":"http:\/\/www.beveswelt.de\/?p=12731"},"modified":"2018-02-07T13:11:36","modified_gmt":"2018-02-07T12:11:36","slug":"ueber-peter-fischer-sportmoderatoren-und-babelsberg-03","status":"publish","type":"post","link":"https:\/\/www.beveswelt.de\/?p=12731","title":{"rendered":"\u00dcber Peter Fischer, Sportmoderatoren und Babelsberg 03"},"content":{"rendered":"<p>Auf der <a href=\"http:\/\/www.fr.de\/sport\/eintracht\/sge-mitgliederversammlung-fischer-legt-gegen-afd-nach-a-1435938\" target=\"_blank\" rel=\"noopener\">Mitgliederversammlung<\/a> der Frankfurter Eintracht wurde Pr\u00e4sident Peter Fischer mit knapp 99% der Stimmen wiedergew\u00e4hlt. Dies war nicht zwingend zu erwarten gewesen, immerhin hatte er zuvor klare Kante gegen die AfD gezeigt und auf die Unvereinbarkeit zwischen der Haltung f\u00fchrender AfDler und Teile des Anhangs sowie der Satzung der Eintracht hingewiesen. Man h\u00e4tte also meinen k\u00f6nnen, es g\u00e4be AfD Sympathisanten innerhalb die Eintracht, die sich dem Pr\u00e4sidenten verweigern. Bis auf 11 Ausnahmen, die sich enthielten oder mit &#8222;Nein&#8220; stimmten, war dem nicht so.<\/p>\n<p><!--more--><\/p>\n<p>Schon Wochen zuvor hatten Fischers Aussagen, die zun\u00e4chst in der FAZ erschienen, sp\u00e4ter im HR wiederholt wurden, gro\u00dfe Wellen geschlagen, seither hielt sich Fischer in der \u00d6ffentlichkeit zur\u00fcck &#8211; um bei der Mitgliederversammlung in einer fulminanten Rede seine Position zu bekr\u00e4ftigen. Die meisten der Anwesenden dankten es ihm mit Standing Ovations. Folglich war Fischer anschlie\u00dfend ein gefragter Gespr\u00e4chspartner. Auftritte folgten bei <a href=\"https:\/\/www.youtube.com\/watch?v=UkFBptPuHWE\" target=\"_blank\" rel=\"noopener\">heute<\/a>, im Aktuellen Sportstudio und bei Sky. Weitere Anfragen gab es zuhauf, Fischer jedoch beschr\u00e4nkte sich auf das Wesentliche &#8211; und das war schon bitter genug. Denn nicht etwa rassistische Vorf\u00e4lle beim Fu\u00dfball, zu denen auch Kevin Prince Boateng einiges zu erz\u00e4hlen hat &#8211; oder aber Babelsberg 03, zu denen wir noch kommen, wurden zum Gegenstand gemacht, viel mehr musste sich Fischer rechtfertigen. W\u00e4hrend Marietta Slomka im ZDF schnurstracks den Bogen zu &#8222;Gewaltbereiten Ultras&#8220; zog, scheinbar das einzige, was ihr zum Thema Ultras einf\u00e4llt und somit indirekt die ein oder andere Pr\u00fcgelei gleichsetzte mit den Folgen v\u00f6lkischen Unmuts, der sich in brennenden Fl\u00fcchtlingsheimen oder rassistischen Attacken auf Einzelne \u00e4u\u00dfert und der durch Aussagen f\u00fchrender AfDler gen\u00e4hrt wird, legte Moderator <a href=\"https:\/\/www.youtube.com\/watch?v=MX_1G6AF9_Y\" target=\"_blank\" rel=\"noopener\">Sven Voss im Sportstudio<\/a> noch eine Schippe drauf und unterzog Fischer nahezu inquisitorisch einer peinlichen Fragerunde.<\/p>\n<p>Jetzt ist es nicht die Aufgabe eines Moderators, seinem Gast nach dem Mund zu reden. Von daher ist es legitim, kritische Fragen zu stellen, auch um die Option zu generieren, darauf entsprechend zu antworten. Die Fragen zum Politischen mit &#8222;Brauchten sie das Thema f\u00fcr ihre Wiederwahl&#8220; zu beginnen, l\u00e4sst einen jedoch schon fassungslos zur\u00fcck. Zum einen war Peter Fischer der einzige Kandidat und zum anderen war klar, dass es ihn eher Stimmen kosten w\u00fcrde, n\u00e4mlich die derer, die sich provoziert f\u00fchlten. Dass es bei der Wahl anders kam, war zumindest f\u00fcr mich \u00fcberraschend. Weniger \u00fcberraschend dann doch die Tatsache, dass die, die im Schatten der virtuellen Welt \u00fcber sich hinauswachsen, im Lichte keinen Arsch in der Hose haben. Sp\u00e4testens als Voss kurz darauf fabulierte, dass es ja leicht sei, auf die AfD einzuschlagen, wenn man wei\u00df, dass es bei der Wahl schaden w\u00fcrde, purzelten Fragezeichen umeinand. Was um Himmels Willen meint er damit? Fischer blieb erstaunlich gelassen und ruhig.<\/p>\n<p>Untermalt wurde der Beitrag mit Bilder aus der Kurve &#8211; und welch Zufall, wir sahen unkommentierte Aufnahmen aus einem Spiel, in dem der Block 40 gesperrt war. Man h\u00e4tte Bilder von hunderten von Spielen zeigen k\u00f6nnen, in denen die Kurve vollbesetzt war, H\u00f6hepunkt in Berlin beim Pokalfinale &#8211; aber nein, subtil wird auch hier ein Bogen zu den &#8222;Gewaltbereiten Fans&#8220; geschlagen. Keine Rede dabei von unsinnigen Kollektivstrafen, kein Hinweis, inwiefern die Aufnahmen zum Thema passen. Daf\u00fcr durfte Hans-J\u00f6rg M\u00fcller, parlamentarischer Gesch\u00e4ftsf\u00fchrer der AfD, ordentlich vor Akten stehend zum Besten geben, dass er kein Verst\u00e4ndnis f\u00fcr die Ausgrenzung &#8222;Andersdenkender&#8220; habe, und wir dies schon einmal gehabt h\u00e4tten. Also unmittelbar der Verweis auf die Ausgrenzung der Juden w\u00e4hrend der NS-Zeit. Diese uns\u00e4gliche Parallele blieb unwidersprochen. Auch die Gleichsetzung Fischer mit den Nazis, die mit dieser Aussage gemeint war, blieb bestehen. Im Gegenteil, der Beitrag setzte Fischer unter Druck, eine nichtvollzogene Ausgrenzung zu begr\u00fcnden, um nicht in einen Topf mit den Faschisten geworfen zu werden. Die Tendenz, auch im folgenden war klar. Fischer grenzt aus, und wenn die AfD, weshalb nicht auch andere. Die, die eigentlich ausgrenzen, die T\u00e4ter, werden zu Opfern und der, der sich dagegen stellt, zum T\u00e4ter. Es war ein erb\u00e4rmliches Schauspiel, welches sich das ZDF und Sven Voss leisteten. <a href=\"https:\/\/www.stern.de\/sport\/fussball\/philipp-koester\/philipp-koester--die-seltsame-afd-fragerei-des-zdf-sportstudios-7850504.html\" target=\"_blank\" rel=\"noopener\">Philipp K\u00f6ster<\/a> und der <a href=\"https:\/\/stadtneurotiker.wordpress.com\/2018\/02\/04\/peter-fischer-sportstudio\/\" target=\"_blank\" rel=\"noopener\">Stadtneurotiker<\/a> haben bereits klar darauf hingewiesen.<\/p>\n<p>Kurz darauf ist Peter Fischer zu Gast bei <a href=\"https:\/\/www.focus.de\/sport\/fussball\/ewald-da-muss-ich-dazwischengehen-afd-als-streitthema-lienen-empoert-sich-ueber-zdf-mann-sky-moderator-bremst-ein_id_8427264.html\" target=\"_blank\" rel=\"noopener\">sky<\/a> &#8211; und auch hier wird es \u00e4u\u00dferst merkw\u00fcrdig. Ewald Lienen verweist im Gespr\u00e4ch auf die eher suboptimale Situation im Sportstudio und zieht seinen Hut vor Fischer &#8211; und wird von Moderator Patrick Wasserziehr abrupt abgew\u00fcrgt. Zudem gibt Wasserziehr zu, das Sportstudio nicht in G\u00e4nze gesehen zu haben. Welch ein Faux Pas, als Moderator sich nicht mit dem naheliegendsten zur Vorbereitung auf seinen Gast zu besch\u00e4ftigen. Welch Desinteresse an seinem Gast und dem Thema zeigt sich. Und welche Haltung steckt auch hier dahinter? Lasst die Gelder flie\u00dfen und st\u00f6rt uns nicht mit Nebens\u00e4chlichkeiten wie politische Realit\u00e4t &#8211; daf\u00fcr machen wir einmal im Jahr eine schicke Kampagne gegen Rassismus, so ganz allgemein und ohne st\u00f6rende Wirklichkeit oder gar Auseinandersetzung.<\/p>\n<p>Denn wer sich ernsthaft, mit dem Thema auseinandersetzt, bekommt Schwierigkeiten &#8211; auch von Institutionen, von denen man theoretisch, also ganz eigentlich, anderes erwarten k\u00f6nnte. Zumindest solange, eine gewisse Naivit\u00e4t vorherrscht. Bestes Beispiel ist derzeit Babelsberg 03. Deren Partie gegen Energie Cottbus wurde im April 2017 abgebrochen, da &#8222;Fans&#8220; von Cottbus unter Antisemitischen Rufen, Hitlergr\u00fc\u00dfen und Pyro den Platz gest\u00fcrmt hatten. Die Fans von Babelsberg antworteten mit &#8222;Nazischweine-raus&#8220;. Der NOFV (Nordost-Deutscher-Fu\u00dfballverband) sanktionierte daraufhin beide Vereine, reduzierte aber die Strafe f\u00fcr Cottbus. Die antisemitischen und nationalsozialistischen Rufe jedoch will im Verband niemand geh\u00f6rt haben, die Strafe gilt f\u00fcr Pyrovergehen. Selbst Energie Cottbus sieht das eindeutig: <em>&#8222;Wir sprechen hier von Personen, die sowohl der losen als auch organisierten rechtsextremen Klientel zuzuordnen sind. Mitglieder der Gruppen Inferno Cottbus und Unbequeme Jugend, mit dabei war auch zweifelsfrei eine nicht unwesentliche Anzahl von Personen der \u201eNew Society\u201c Chemnitz \u2026 Zudem distanzieren wir uns klar von diesen St\u00f6ren und vor allem von Neonazis.<\/em><strong><em>\u201c <\/em><\/strong>Babelsberg soll f\u00fcr &#8222;Nazischweine raus&#8220; bezahlen &#8211; und weigert sich.<\/p>\n<p>Unfassbar. Unfassbar allerdings ist auch die folgende Entwicklung, die der Club <a href=\"https:\/\/babelsberg03.de\/blog\/2018\/02\/05\/stellungnahme-zur-heutigen-veroeffentlichung-des-nofv\/\" target=\"_blank\" rel=\"noopener\">Babelsberg 03<\/a> <a href=\"https:\/\/babelsberg03.de\/blog\/2018\/02\/05\/stellungnahme-zur-heutigen-veroeffentlichung-des-nofv\/\" target=\"_blank\" rel=\"noopener\">hier<\/a> ausf\u00fchrlich darstellt. Der Verband redet sich um Kopf und Kragen, begr\u00fcndet Fehler mit &#8222;missgl\u00fcckten Copy und Paste&#8220; und zieht genau die Register, die man von der AfD regelm\u00e4\u00dfig h\u00f6rt, wenn allzu grobe Peinlichkeiten auff\u00e4llig werden. &#8222;Es war der Praktikant&#8220; oder &#8222;Ich bin auf der Maus ausgerutscht&#8220;. Am Pranger des Verbandes steht jedoch weiterhin Babelsberg, die sich \u00e4hnlich wie Peter Fischer daf\u00fcr rechtfertigen m\u00fcssen, &#8222;Gegen Nazis&#8220; zu sein. Der Preis daf\u00fcr sind Anwalts- und Prozesskosten sowie die Besch\u00e4ftigung mit einem drohendem Ausschluss aus der Liga, der allerdings nunmehr vom Tisch scheint, (<a href=\"http:\/\/www.fr.de\/sport\/sportarten\/news\/regionalliga-nofv-stellt-antrag-auf-strafverfahren-gegen-babelsberg-a-1443039\" target=\"_blank\" rel=\"noopener\">oder doch nicht?<\/a>)kurz, ein kleinerer Verein wie Babelsberg 03 l\u00e4uft Gefahr, seine Existenz zu verlieren, weil er sich gegen Nazis stellt. Vielleicht kann ja die Eintracht mit einem Freundschaftsspiel dazu beitragen, dass es nicht soweit kommt.<\/p>\n<p>&nbsp;<\/p>\n<p>&nbsp;<\/p>\n","protected":false},"excerpt":{"rendered":"<p>Auf der Mitgliederversammlung der Frankfurter Eintracht wurde Pr\u00e4sident Peter Fischer mit knapp 99% der Stimmen wiedergew\u00e4hlt. Dies war nicht zwingend zu erwarten gewesen, immerhin hatte er zuvor klare Kante gegen die AfD gezeigt und auf die Unvereinbarkeit zwischen der Haltung f\u00fchrender AfDler und Teile des Anhangs sowie der Satzung der Eintracht hingewiesen. Man h\u00e4tte also [&hellip;]<\/p>\n","protected":false},"author":2,"featured_media":12732,"comment_status":"open","ping_status":"open","sticky":false,"template":"","format":"standard","meta":{"ngg_post_thumbnail":0,"footnotes":""},"categories":[9,12],"tags":[2158,1823,2160,2155,2154,2159,2163,2157,408,2156,2153,2161,2152],"class_list":["post-12731","post","type-post","status-publish","format-standard","has-post-thumbnail","hentry","category-eintracht-frankfurt","category-wortwelt","tag-babelsberg-03","tag-eintracht-frankfurt","tag-ewald-lienen","tag-heute","tag-marietta-slomka","tag-nazis-raus","tag-nofv","tag-patrick-wasserziehr","tag-peter-fischer","tag-sky","tag-sportstudio","tag-sven-voss","tag-zdf","post-preview"],"_links":{"self":[{"href":"https:\/\/www.beveswelt.de\/index.php?rest_route=\/wp\/v2\/posts\/12731","targetHints":{"allow":["GET"]}}],"collection":[{"href":"https:\/\/www.beveswelt.de\/index.php?rest_route=\/wp\/v2\/posts"}],"about":[{"href":"https:\/\/www.beveswelt.de\/index.php?rest_route=\/wp\/v2\/types\/post"}],"author":[{"embeddable":true,"href":"https:\/\/www.beveswelt.de\/index.php?rest_route=\/wp\/v2\/users\/2"}],"replies":[{"embeddable":true,"href":"https:\/\/www.beveswelt.de\/index.php?rest_route=%2Fwp%2Fv2%2Fcomments&post=12731"}],"version-history":[{"count":11,"href":"https:\/\/www.beveswelt.de\/index.php?rest_route=\/wp\/v2\/posts\/12731\/revisions"}],"predecessor-version":[{"id":12743,"href":"https:\/\/www.beveswelt.de\/index.php?rest_route=\/wp\/v2\/posts\/12731\/revisions\/12743"}],"wp:featuredmedia":[{"embeddable":true,"href":"https:\/\/www.beveswelt.de\/index.php?rest_route=\/wp\/v2\/media\/12732"}],"wp:attachment":[{"href":"https:\/\/www.beveswelt.de\/index.php?rest_route=%2Fwp%2Fv2%2Fmedia&parent=12731"}],"wp:term":[{"taxonomy":"category","embeddable":true,"href":"https:\/\/www.beveswelt.de\/index.php?rest_route=%2Fwp%2Fv2%2Fcategories&post=12731"},{"taxonomy":"post_tag","embeddable":true,"href":"https:\/\/www.beveswelt.de\/index.php?rest_route=%2Fwp%2Fv2%2Ftags&post=12731"}],"curies":[{"name":"wp","href":"https:\/\/api.w.org\/{rel}","templated":true}]}}