{"id":12695,"date":"2017-12-30T10:30:11","date_gmt":"2017-12-30T09:30:11","guid":{"rendered":"http:\/\/www.beveswelt.de\/?p=12695"},"modified":"2017-12-30T13:19:48","modified_gmt":"2017-12-30T12:19:48","slug":"peter-fischer-spricht-klartext-gut-so","status":"publish","type":"post","link":"https:\/\/www.beveswelt.de\/?p=12695","title":{"rendered":"Peter Fischer spricht Klartext. Gut so!"},"content":{"rendered":"<p>In wenigen Wochen stehen bei der Eintracht Pr\u00e4sidentschaftswahlen an. Peter Fischer, seit 2000 im Amt, tritt erneut zur Wahl an. Gegenkandidaten gibt es nach dem Debakel vor drei Jahren keine. Nun hat er \u00f6ffentlich gegen die AfD und Konsorten <a href=\"http:\/\/www.faz.net\/aktuell\/sport\/fussball\/bundesliga\/eintracht-praesident-fischer-bezieht-position-gegen-afd-15360425.html\" target=\"_blank\" rel=\"noopener\">Stellung bezogen<\/a>. Aussagen, die ihn sicher Stimmen kosten werden.<\/p>\n<p><!--more--><\/p>\n<p>Neben ordentlichem Zuspruch folgte nat\u00fcrlich ein Shitstorm in den einschl\u00e4gig bekannten Portalen, aber auch in den Kommentarspalten der klassischen Medien. Und die Reaktionen zeigen, wie notwendig die Positionierung Peter Fischers ist. Wie zu erwarten gingen die Beschimpfungen ins pers\u00f6nliche, grotesk aber ist es, dass sich ein geh\u00f6riger Teil der W\u00fctenden, die sich sonst f\u00fcr nichts zu schade sind, in die Opferrolle begeben. <em>Man glaubt ja nicht, mit welchem Gro\u00dfmaul die Afd-V\u00f6gel inkl. Umfeld nach vorne preschen, wenn sich die Gelegenheit bietet. Von Schuldkultgefasel, Begriffen wie Rassenschande bis zum Abfackeln von armseligen H\u00fctten und dem &#8222;Optimieren der Objektivit\u00e4t&#8220; ist alles dabei. Wenn sich der Wind aber nur ein bisschen dreht, dann auf einmal sind sie auf der Maus ausgerutscht, eine soziale Gruppe, berufen sich standepede auf Demokratie, identifizieren sich mit den Opfern des Holocaust und w\u00e4hnen sich im Dritten Reich. Das ist derartig grotesk, da f\u00e4llt einem nix mehr ein. Das ist ein Verein b\u00f6sartiger Jammerlappen und die, die nicht b\u00f6sartig sind, sind Lauchs. Im End aber nicht zu untersch\u00e4tzen, wenn die n\u00e4mlich m\u00e4chtig werden, kennen sie kein Erbarmen, kein Mitleid und keinen Anstand. <\/em><\/p>\n<p>Letzte Worte hatte ich gestern auf facebook gepostet, die Resonanz war positiv. Dennoch ist es f\u00fcr mich wichtig, einen Beitrag zu leisten, um Peter Fischer zu unterst\u00fctzen. Die Beleidigungen, die ihm widerfahren sind, sind teils unertr\u00e4glich &#8211; und spiegeln genau jenen Ungeist wieder, der gesellschaftlich nie wieder Fu\u00df fassen darf. Wobei er schon Fu\u00df gefasst hat. Eines aber muss \u00fcberpr\u00fcft werden, der Vorwurf&nbsp;des Antisemitismus an das blaubraune Volk. Im Gegensatz zu den Nationalsozialisten mit ihrem klaren Vernichtungswillen, d\u00fcrfte sich der Antisemitismus in Reihen der AfD nicht sonderlich von anderen Parteien unterscheiden, auch der Antisemitismus in Form der &#8222;Israelkritik&#8220;. Was nicht zuletzt daran liegt, dass der Hauptgegner der AfD, der Islam ist, und etliche seiner Vertreter Israel und das Judentum in der Existenz bedrohen. Von daher mag der Antisemitismus der AfD und Co ein strategischer sein. Allein der Umgang mit dem Gedenken an den Holocaust, Begriffe wie <em>Schuldkult,<\/em> sprechen eine bekannte Sprache.<\/p>\n<p>Es ist nicht selbstverst\u00e4ndlich, dass der Pr\u00e4sident eines Vereins klare Kante zeigt, vor allem dann nicht, wenn er sich dadurch sein Wahlergebnis mit Ansage versaut, wobei an seiner Wiederwahl keine Zweifel bestehen, vorausgesetzt, die Eintrachtler nehmen ihr Recht wahr und gehen auf die Mitgliederversammlung. Es geht hier nicht um Gesinnungskontrolle, um die \u00dcberpr\u00fcfung des Wahlverhaltens. Gut, die AfD ist f\u00fcr mich unw\u00e4hlbar, aber es mag auch Leute geben, die sie gew\u00e4hlt haben und keiner Fliege etwas zu leide tun k\u00f6nnen. Wobei die Erfahrung zeigt, dass mitlaufen auch ins gewaltvolle kippen kann, wenn der Boden bereitet ist. Und Mitlaufen bedeutet immer, die Ausw\u00fcchse zumindest zu tolerieren. Es geht vor allem um den empathielosen Umgang miteinander, wider den Ungeist der kollektiven Gewalt, es geht um Rassismus, um den v\u00f6lkischen Geist. Es geht auch um Solidarit\u00e4t mit den Schwachen &#8211; was nicht bedeutet, jeden Unfug auch den, der im Namen des Islams verbreitet wird, zu akzeptieren oder zu tolerieren. Es geht darum, das zu bewahren, was die Eintracht m\u00fchsam aus ihrer Geschichte gelernt hat. Von daher bin ich Peter Fischer f\u00fcr die klaren Worte dankbar.<\/p>\n","protected":false},"excerpt":{"rendered":"<p>In wenigen Wochen stehen bei der Eintracht Pr\u00e4sidentschaftswahlen an. Peter Fischer, seit 2000 im Amt, tritt erneut zur Wahl an. Gegenkandidaten gibt es nach dem Debakel vor drei Jahren keine. Nun hat er \u00f6ffentlich gegen die AfD und Konsorten Stellung bezogen. Aussagen, die ihn sicher Stimmen kosten werden.<\/p>\n","protected":false},"author":2,"featured_media":12696,"comment_status":"open","ping_status":"open","sticky":false,"template":"","format":"standard","meta":{"ngg_post_thumbnail":0,"footnotes":""},"categories":[9],"tags":[2149,2150,1823,408],"class_list":["post-12695","post","type-post","status-publish","format-standard","has-post-thumbnail","hentry","category-eintracht-frankfurt","tag-afd","tag-anstand","tag-eintracht-frankfurt","tag-peter-fischer","post-preview"],"_links":{"self":[{"href":"https:\/\/www.beveswelt.de\/index.php?rest_route=\/wp\/v2\/posts\/12695","targetHints":{"allow":["GET"]}}],"collection":[{"href":"https:\/\/www.beveswelt.de\/index.php?rest_route=\/wp\/v2\/posts"}],"about":[{"href":"https:\/\/www.beveswelt.de\/index.php?rest_route=\/wp\/v2\/types\/post"}],"author":[{"embeddable":true,"href":"https:\/\/www.beveswelt.de\/index.php?rest_route=\/wp\/v2\/users\/2"}],"replies":[{"embeddable":true,"href":"https:\/\/www.beveswelt.de\/index.php?rest_route=%2Fwp%2Fv2%2Fcomments&post=12695"}],"version-history":[{"count":5,"href":"https:\/\/www.beveswelt.de\/index.php?rest_route=\/wp\/v2\/posts\/12695\/revisions"}],"predecessor-version":[{"id":12701,"href":"https:\/\/www.beveswelt.de\/index.php?rest_route=\/wp\/v2\/posts\/12695\/revisions\/12701"}],"wp:featuredmedia":[{"embeddable":true,"href":"https:\/\/www.beveswelt.de\/index.php?rest_route=\/wp\/v2\/media\/12696"}],"wp:attachment":[{"href":"https:\/\/www.beveswelt.de\/index.php?rest_route=%2Fwp%2Fv2%2Fmedia&parent=12695"}],"wp:term":[{"taxonomy":"category","embeddable":true,"href":"https:\/\/www.beveswelt.de\/index.php?rest_route=%2Fwp%2Fv2%2Fcategories&post=12695"},{"taxonomy":"post_tag","embeddable":true,"href":"https:\/\/www.beveswelt.de\/index.php?rest_route=%2Fwp%2Fv2%2Ftags&post=12695"}],"curies":[{"name":"wp","href":"https:\/\/api.w.org\/{rel}","templated":true}]}}