{"id":12514,"date":"2017-11-18T08:20:43","date_gmt":"2017-11-18T07:20:43","guid":{"rendered":"http:\/\/www.beveswelt.de\/?p=12514"},"modified":"2017-11-18T08:21:27","modified_gmt":"2017-11-18T07:21:27","slug":"the-beauty-of-gemina-im-frankfurter-nachtleben","status":"publish","type":"post","link":"https:\/\/www.beveswelt.de\/?p=12514","title":{"rendered":"The Beauty Of Gemina im Frankfurter Nachtleben"},"content":{"rendered":"<p>Ein gutes Jahr lagen sie zu Hause rum, die Karten f\u00fcr den Akustik Auftritt der Liechtensteiner bzw. Schweizer Band <a href=\"http:\/\/www.thebeautyofgemina.com\/\" target=\"_blank\" rel=\"noopener\">The Beauty of Gemina<\/a> um Kopf und S\u00e4nger Michael Sele im Nachtleben. Und so sicher wie das Amen in der Kirche kam der Abend n\u00e4her. Und dann war er da.<\/p>\n<p><!--more--><\/p>\n<p>Es ist fr\u00fcher Abend, Dunkelheit umschlingt den Tag, die Lichter der Autos, der L\u00e4den, zeugen von Leben, ich laufe hinunter zur Konstablerwache, zur Zeil. In meiner Tasche steckt die Sony Kamera, um den Hals baumelt die Spiegelreflex mit 50 mm Festbrennweite. Zur Not k\u00f6nnte ich auch mit dem Handy fotografieren &#8211; das kommt davon, wenn man sich nicht entscheiden kann. Halbherzig fotografiere ich Nachtlichter, probiere Brennweiten-Zeit Verh\u00e4ltnisse, \u00dcbungen. Auf der Zeil sitzt einer und trommelt, \u00fcber den Sch\u00e4del ein Kunstoffpferdekopf gezogen.<\/p>\n<p>Der verschlungenen My Zeil-Komplex verschluckt mich, nat\u00fcrlich nehme ich die falsche Rolltreppe, fahre Stockwerk um Stockwerk mit Rolltreppenwechsel, statt die durchgehende zu nehmen. Die Weihnachtsdekoration steht schon bereit, Mitte November schreit sie dich an: WINTERWEIHNACHTSWELTSTIMMUNG. Kauf was! Die n\u00e4chsten sechs Wochen gaukeln sie jetzt wieder Besinnlichkeit und Schneekerzenschein vor. Solche Kaufh\u00e4user verwirren mich, doch ganz oben fristet ein Ticketshop sein Dasein &#8211; und da am Montag die wunderbare <a href=\"https:\/\/www.youtube.com\/watch?v=PniHZ0qHOMg\" target=\"_blank\" rel=\"noopener\">Kari Ruesl\u00e5tten<\/a> im <a href=\"http:\/\/www.bett-club.de\/\" target=\"_blank\" rel=\"noopener\">Bett<\/a> gastiert, sorge ich vor und kaufe ein Ticket. Es kostet 15,30 \u20ac, eine freundliche Mitarbeiterin dr\u00fcckt es mir in die Hand, inklusive Briefumschlag. Print-at-home h\u00e4tte mich im Netz zwei Euro mehr gekostet. Das muss man nicht verstehen. Irgendwo im zweiten Stock gibt es Tumulte, Gruppenbildung, eine Frau schreit hysterisch, Wachleute.&nbsp;<\/p>\n<p>Markt auf der Konstabler. Zeit f\u00fcr eine Buttermilch, eine Bratwurst, der Weinstand platzt aus allen N\u00e4hten, ich habe noch weit \u00fcber zwei Stunden Zeit, laufe den Sandweg hoch. Anfang, Mitte der Neunziger habe ich hier mal gewohnt, aus dem Eis-Caf\u00e9 wurde eine Shishabar und ich weine den knapp vier Jahren hier keine Tr\u00e4ne hinterher, kleines Zimmer, dunkles Bad, dunkle Minik\u00fcche und Staffelmietvertrag, arschteuer. Aber es gibt so ein &#8222;Hierhabichmalgewohntgef\u00fchl&#8220;, mein anderes Ich aus der Vergangenheit geistert durch Zeit und Raum und zw\u00e4ngt mir Erinnerungen auf. Ehe ich mich versehe, bin ich wieder zu Hause, packe die gro\u00dfe Kamera auf den Tisch und lass sie dort liegen, das wird heute kein Abend zum Fotografieren, denkt es in mir.<\/p>\n<p>Und so laufe ich ein zweites Mal runter zur Konsti. Der Herbstmantel w\u00e4rmt, wohl dem, der einen hat. Eine halbe Stunde vor Konzertbeginn, bin ich unten im Nachtleben, im Raum sind Bierb\u00e4nke aufgestellt, fast alle Pl\u00e4tze sind belegt, ich stelle mich an den Tresen, trinke Apfelwein. Das Publikum ist recht gemischt, j\u00fcngere Goths, gesetztere Herrschaften, M\u00e4nnlein, Weiblein &#8211; und p\u00fcnktlich zum Beginn ist Pia da. Das Nachtleben ist gut besucht, aber nicht \u00fcbervoll, eine Vorband ist nicht vorgesehen.<\/p>\n<p>Die Reise beginnt mit Michaele Sele an der Gitarre, nach und nach kommt die Band dazu, insgesamt werden sechs M\u00e4nner und eine Frau mit Geige auf der B\u00fchne stehen, die Musik, wie soll man sie beschreiben? Markant die dunkle Stimme Michaels, Darkwavepop, mit Hang zu Country und Jazzanleihen? Jedenfalls zaubern sie eine auch musikalisch h\u00f6chst beachtliche dunkelromantische Stimmung ins Nachtleben, erster H\u00f6hepunkt und ein kleiner Hit vielleicht &#8222;<a href=\"https:\/\/www.youtube.com\/watch?v=IYJZ6_fQEzM\" target=\"_blank\" rel=\"noopener\">Crossroads<\/a>&#8222;, im Original von <a href=\"https:\/\/www.youtube.com\/watch?v=GO7i1W_SOrA\" target=\"_blank\" rel=\"noopener\">Calvin Russel<\/a>.&nbsp;<\/p>\n<p>Irgendwas ist ja immer, in diesem Fall die Dame, die beachtlich taktlos jetzt genau jetzt vor mir energetisch schwelgt und mir dabei immer wieder ins Bild schwenkt, egal, wo ich mich hinstelle, der gesamte Rest tr\u00e4umt vor sich hin, nur genau vor mir wackelt es. Nach dem Song kommt Kid an den Tresen, ich hatte ihm eine Mail geschickt, dass wir vor Ort sind &#8211; und jetzt ist er da. Obwohl er die Mail gar nicht gelesen hat. Sachen gibt&#8217;s. Ich stelle mich an die Seite, n\u00e4chster H\u00f6hepunkt ist <a href=\"https:\/\/www.youtube.com\/watch?v=cOy8H5J8ntg\" target=\"_blank\" rel=\"noopener\">Mariannah<\/a> und so geht es Schlag auf Schlag. mal steht die Geige im Vordergrund, mal das Saxophon &#8211; aber stets die Musik, unpr\u00e4tenti\u00f6s und verzaubernd. Von der Intensit\u00e4t erinnernd an And also the trees &#8211; und doch anders. Sogar Personal Jesus von Depeche Mode ist dabei &#8211; und das gro\u00dfartig. Knapp anderthalb Stunden spielen sie und gehen dann nach und nach bei <a href=\"https:\/\/www.youtube.com\/watch?v=qdJO7UeTOWY\" target=\"_blank\" rel=\"noopener\">Endless time to see<\/a> (so mich nicht alles t\u00e4uscht) von der B\u00fchne. Aber sie kommen wieder, einmal, zweimal und noch ein letztes Lied, Abgang, gro\u00dfer Beifall &#8211; und dies v\u00f6llig zu Recht. Gro\u00dfe Musik, nicht zwingend im Genre einzuordnen mit Liebe zum Detail, zeitlos. Melancholisch sch\u00f6n.<\/p>\n<p>Sp\u00e4ter gibt die Band Autogramme, unterh\u00e4lt sich mit den G\u00e4sten. Wir unterhalten uns auch, ein sch\u00f6ner Abend. Nur zum Fotografieren bin ich nicht wirklich gekommen.<\/p>\nngg_shortcode_0_placeholder\n<p>&nbsp;<\/p>\n<p>&nbsp;<\/p>\n<p>&nbsp;<\/p>\n","protected":false},"excerpt":{"rendered":"<p>Ein gutes Jahr lagen sie zu Hause rum, die Karten f\u00fcr den Akustik Auftritt der Liechtensteiner bzw. Schweizer Band The Beauty of Gemina um Kopf und S\u00e4nger Michael Sele im Nachtleben. Und so sicher wie das Amen in der Kirche kam der Abend n\u00e4her. Und dann war er da.<\/p>\n","protected":false},"author":2,"featured_media":12516,"comment_status":"open","ping_status":"open","sticky":false,"template":"","format":"standard","meta":{"ngg_post_thumbnail":0,"footnotes":""},"categories":[4,883,12],"tags":[1821,368,2027],"class_list":["post-12514","post","type-post","status-publish","format-standard","has-post-thumbnail","hentry","category-frankfurt","category-soundtrack","category-wortwelt","tag-frankfurt","tag-nachtleben","tag-the-beauty-of-gemina","post-preview"],"_links":{"self":[{"href":"https:\/\/www.beveswelt.de\/index.php?rest_route=\/wp\/v2\/posts\/12514","targetHints":{"allow":["GET"]}}],"collection":[{"href":"https:\/\/www.beveswelt.de\/index.php?rest_route=\/wp\/v2\/posts"}],"about":[{"href":"https:\/\/www.beveswelt.de\/index.php?rest_route=\/wp\/v2\/types\/post"}],"author":[{"embeddable":true,"href":"https:\/\/www.beveswelt.de\/index.php?rest_route=\/wp\/v2\/users\/2"}],"replies":[{"embeddable":true,"href":"https:\/\/www.beveswelt.de\/index.php?rest_route=%2Fwp%2Fv2%2Fcomments&post=12514"}],"version-history":[{"count":4,"href":"https:\/\/www.beveswelt.de\/index.php?rest_route=\/wp\/v2\/posts\/12514\/revisions"}],"predecessor-version":[{"id":12539,"href":"https:\/\/www.beveswelt.de\/index.php?rest_route=\/wp\/v2\/posts\/12514\/revisions\/12539"}],"wp:featuredmedia":[{"embeddable":true,"href":"https:\/\/www.beveswelt.de\/index.php?rest_route=\/wp\/v2\/media\/12516"}],"wp:attachment":[{"href":"https:\/\/www.beveswelt.de\/index.php?rest_route=%2Fwp%2Fv2%2Fmedia&parent=12514"}],"wp:term":[{"taxonomy":"category","embeddable":true,"href":"https:\/\/www.beveswelt.de\/index.php?rest_route=%2Fwp%2Fv2%2Fcategories&post=12514"},{"taxonomy":"post_tag","embeddable":true,"href":"https:\/\/www.beveswelt.de\/index.php?rest_route=%2Fwp%2Fv2%2Ftags&post=12514"}],"curies":[{"name":"wp","href":"https:\/\/api.w.org\/{rel}","templated":true}]}}