{"id":12484,"date":"2017-11-15T13:41:18","date_gmt":"2017-11-15T12:41:18","guid":{"rendered":"http:\/\/www.beveswelt.de\/?p=12484"},"modified":"2017-11-15T13:41:18","modified_gmt":"2017-11-15T12:41:18","slug":"herbstbilder-taunus","status":"publish","type":"post","link":"https:\/\/www.beveswelt.de\/?p=12484","title":{"rendered":"Herbstbilder &#8211; Taunus"},"content":{"rendered":"<p>Ob wom\u00f6glich schon Schnee liegt, oben auf dem Feldberg? Ob es die Rinderbr\u00fche noch im dortigen Kiosk gibt? Der <a href=\"http:\/\/www.faz.net\/aktuell\/rhein-main\/kiosk-am-grossen-feldberg-weiter-geoeffnet-14565929.html\" target=\"_blank\" rel=\"noopener\">Kiosk <\/a>selbst hat ja das Aus verhindern k\u00f6nnen &#8211; Zeit also, mal wieder auf der h\u00f6chsten Erhebung des Taunus vorbei zu schneien.<\/p>\n<p><!--more--><\/p>\n<p>Ich parke den Dacia auf dem Platz <a href=\"https:\/\/rundwanderwege-deutschland.de\/hessen\/glashuetten\/vom-pfahlgraben-ueber-den-fuchstanz-zum-feldberg-taunus\" target=\"_blank\" rel=\"noopener\">Pfahlgraben <\/a>kurz hinter dem <a href=\"https:\/\/de.wikipedia.org\/wiki\/P%C3%A4sse_im_Taunus#Sandplacken\" target=\"_blank\" rel=\"noopener\">Sandplacken<\/a>. Praktisch sind an solchen Parkpl\u00e4tzen immer die Hinweistafeln mit Karte und Wanderwegen &#8211; auf dass auch niemand im Wald verloren geht. Und so folge ich dem Weg des Fuchses &#8211; \u00fcber Fuchstanz und Feldberg ein Rundweg von knapp drei Stunden. Wenn alles glatt geht, bin ich bei einbrechender Dunkelheit wieder am Wagen, wenn nicht, wei\u00df ich auch nicht &#8230;<\/p>\n<p>Minimale Schneereste s\u00e4umen den Weg, irgendwo im Wald kreischt eine Kettens\u00e4ge, die Last des Alltags verf\u00e4ngt sich in den \u00c4sten der B\u00e4ume, Begegnungen sind selten. Ich marschiere frohgemut vor mich hin, der Weg ist einfach und er f\u00fchrt leicht bergab. Ich versuche, die T\u00f6ne des Waldes zu fotografieren, das Pl\u00e4tschern eines Rinnsales, es mag nicht ganz gelingen. Mit einer Kamera in der Hand werden seltsame Dinge interessant, ein auf dem Boden liegender Zettel mit dem Hinweis, <em>Fahrrad fahren verboten<\/em> oder der von Hand geschriebene Hinweis auf einem Holzzaun, dass der Wald kaputt gemacht wird. Auch die schweren Baumst\u00e4mme der gef\u00e4llten Giganten fordern Aufmerksamkeit. Man gr\u00fc\u00dft sich im Wald. Und hofft, dass der blinkende Akku noch eine Weile h\u00e4lt.<\/p>\n<p>Zum Fuchstanz hinunter geht es bergab, da ich ja noch zum Gro\u00dfen Feldberg hinauf will, sehe ich die kommende Steigung schon vor mir. An der Restauration am Fuchstanz ist nichts los, keine Spazierg\u00e4nger, keine Radler und so folge ich brav dem Zeichen des Fuchses. Linker Hand die ausgewiesene Mountainbikestrecke, sie bleibt heute unbefahren. Je weiter es nach oben geht, desto anstrengender wird es, ich merke die Zigaretten und die in den Knochen sitzenden Tage. Die Schneereste nehmen zu, es ist der erste Schnee, den ich dies Jahr sehe. Der Winter k\u00fcndigt sich ja sonst in den Prospekten Aldis an, Anfang November, wenn sich die Welt streitet, ob St. Martin einen leuchtenden K\u00fcrbis vor die T\u00fcr gestellt hat. Sonnenstrahlen brechen durch die Lichtung, Elfentanz.<\/p>\n<p>Dann keucht es pl\u00f6tzlich, ein Mountainbiker schiebt sich den Berg hoch. Da ich eine Fotopause eingelegt habe, ist er nun dicht hinter mir und schnauft, ad\u00e9 sch\u00f6ne Waldeinsamkeit. Er schnauft und kommt nicht an mir vorbei. So bleibe ich stehen &#8211; und habe ihn nun im Bild, nachdem er sich an mir vorbei gek\u00e4mpft hat. Doch nach wenigen Schritten erreiche ich das Plateau des Feldbergs, den Feldberghof, den m\u00e4chtigen <a href=\"https:\/\/de.wikipedia.org\/wiki\/Fernmeldeturm_Gro%C3%9Fer_Feldberg\" target=\"_blank\" rel=\"noopener\">Fernsehturm<\/a>, die Sendemasten &#8211; und das <a href=\"https:\/\/de.wikipedia.org\/wiki\/Gro%C3%9Fer_Feldberg#Gipfelkreuz\" target=\"_blank\" rel=\"noopener\">Gipfelkreuz<\/a>, das ich so auch noch nicht kannte. Motorradfahrer treffen sich, Kinder laufen umher. Vom Gasthof hat man bestimmt einen sch\u00f6nen Blick ins Tal. Ich freue mich \u00fcber den Kiosk, wie in all den Jahren, in denen ich immer mal hier war. Alte Postkarten, frische Wurstwaren im Angebot trotzt er noch der Zeit.<\/p>\n<p>Es gibts sie noch, die Rinderbr\u00fche, den Becher zu 1,40 \u20ac &#8211; und w\u00e4hrend sich die Sonne behutsam zur Nacht neigt, marschiere ich vor zum <a href=\"https:\/\/taunus.info\/angebote\/natur-und-erlebnis\/berge-und-felsen\/brunhildisfelsen-auf-dem-grossen-feldberg\/2909\/\" target=\"_blank\" rel=\"noopener\">Brunhildisfelsen<\/a>, ein einsamer Schlitten steht auf einem armseligen H\u00e4uflein Schnee. Herbstlichtbilderblick vom Felsen &#8211; als h\u00e4tte Caspar David Friedrich gemalt. Eine Familie bittet mich, sie zu fotografieren &#8211; immerhin, es blitzt dreimal, der Akku hat durchgehalten.<\/p>\n<p>Bevor es dunkel wird, laufe ich wieder los &#8211; drei Kilometer liegen noch vor mir, der Weg scheint klar, aber falsch abbiegen willst du auch nicht bei Dunkelheit im Wald. Auf der Landstra\u00dfe ziehen vereinzelte Autos ihre Kreise, manchmal sehe ich nach einer Biegung die Lichter. In einer Kurve steht ein Kreuz, Mario ist 2000 hier gestorben, 22, 23 Jahre alt, die Grablichter scheinen neu. Vielleicht hat er oben noch eine Rinderbr\u00fche getrunken, nichts ahnend, dass sein Leben, seine Tr\u00e4ume in f\u00fcnf Minuten Geschichte sein werden. Hier hat jemand geweint.<\/p>\n<p>Es dauert nicht lange und ich erreiche das Hotel am Sandplacken, aber wo genau war noch mal der Parkplatz? Es ist dunkel, ich gehe ein paar Meter zur\u00fcck, Lichter der Autos am Dunkelabend. An der Stelle, an der ich aus dem Wald gekommen bin, sehe ich schwach ein Schild. Und da steht er in der Finsternis, der rote Dacia, dessen Farbe kaum zu erkennen ist.<\/p>\n<p>Wenig sp\u00e4ter rolle ich den Berg hinab, erreiche die A661, reihe mich ein in die Wagenschlange, Feierabendverkehr. Es geht immer weiter. Als Kind fragte ich mich: Wer ist eigentlich der erste auf der Autobahn.<\/p>\nngg_shortcode_0_placeholder\n","protected":false},"excerpt":{"rendered":"<p>Ob wom\u00f6glich schon Schnee liegt, oben auf dem Feldberg? Ob es die Rinderbr\u00fche noch im dortigen Kiosk gibt? Der Kiosk selbst hat ja das Aus verhindern k\u00f6nnen &#8211; Zeit also, mal wieder auf der h\u00f6chsten Erhebung des Taunus vorbei zu schneien.<\/p>\n","protected":false},"author":2,"featured_media":12511,"comment_status":"open","ping_status":"open","sticky":false,"template":"","format":"standard","meta":{"ngg_post_thumbnail":0,"footnotes":""},"categories":[10,12],"tags":[2134,2133,2135,468,535],"class_list":["post-12484","post","type-post","status-publish","format-standard","has-post-thumbnail","hentry","category-photographie","category-wortwelt","tag-fuchstanz","tag-grosser-feldberg","tag-pfahlgraben","tag-sandplacken","tag-taunus","post-preview"],"_links":{"self":[{"href":"https:\/\/www.beveswelt.de\/index.php?rest_route=\/wp\/v2\/posts\/12484","targetHints":{"allow":["GET"]}}],"collection":[{"href":"https:\/\/www.beveswelt.de\/index.php?rest_route=\/wp\/v2\/posts"}],"about":[{"href":"https:\/\/www.beveswelt.de\/index.php?rest_route=\/wp\/v2\/types\/post"}],"author":[{"embeddable":true,"href":"https:\/\/www.beveswelt.de\/index.php?rest_route=\/wp\/v2\/users\/2"}],"replies":[{"embeddable":true,"href":"https:\/\/www.beveswelt.de\/index.php?rest_route=%2Fwp%2Fv2%2Fcomments&post=12484"}],"version-history":[{"count":2,"href":"https:\/\/www.beveswelt.de\/index.php?rest_route=\/wp\/v2\/posts\/12484\/revisions"}],"predecessor-version":[{"id":12513,"href":"https:\/\/www.beveswelt.de\/index.php?rest_route=\/wp\/v2\/posts\/12484\/revisions\/12513"}],"wp:featuredmedia":[{"embeddable":true,"href":"https:\/\/www.beveswelt.de\/index.php?rest_route=\/wp\/v2\/media\/12511"}],"wp:attachment":[{"href":"https:\/\/www.beveswelt.de\/index.php?rest_route=%2Fwp%2Fv2%2Fmedia&parent=12484"}],"wp:term":[{"taxonomy":"category","embeddable":true,"href":"https:\/\/www.beveswelt.de\/index.php?rest_route=%2Fwp%2Fv2%2Fcategories&post=12484"},{"taxonomy":"post_tag","embeddable":true,"href":"https:\/\/www.beveswelt.de\/index.php?rest_route=%2Fwp%2Fv2%2Ftags&post=12484"}],"curies":[{"name":"wp","href":"https:\/\/api.w.org\/{rel}","templated":true}]}}