{"id":12107,"date":"2017-06-22T09:45:25","date_gmt":"2017-06-22T07:45:25","guid":{"rendered":"http:\/\/www.beveswelt.de\/?p=12107"},"modified":"2017-06-22T09:45:25","modified_gmt":"2017-06-22T07:45:25","slug":"stolpersteinverlegung-fuer-ludwig-isenburger","status":"publish","type":"post","link":"https:\/\/www.beveswelt.de\/?p=12107","title":{"rendered":"Stolpersteinverlegung f\u00fcr Ludwig Isenburger"},"content":{"rendered":"<p>Schon 1892 brachte der Vater von Ludwig Isenburger einen echten Lederball von der Londoner Messe mit nach Frankfurt. Ludwig und seine Kumpels kickten zun\u00e4chst auf der Stra\u00dfe, Glasscheiben gingen zu Bruch, die vom Vater anschlie\u00dfend anstandslos bezahlt wurden.<\/p>\n<p><!--more--><\/p>\n<p>Sp\u00e4ter zogen sie um auf die Hundswiese oberhalb der Miquelallee, spielten bei der Germania 1894, Frankfurts \u00e4ltesten Fu\u00dfballverein und trotzten in jungen Jahren auch der &#8222;Etepetete-Gesellschaft&#8220;, welche sich beim Flanieren durch die Fu\u00dfl\u00fcmmelei gest\u00f6rt f\u00fchlte. Als der nur unwesentlich \u00e4ltere Walther Bensemann erstmals in Frankfurt aufschlug, erlebte der Frankfurter Fu\u00dfball eine erste Bl\u00fctezeit. die Frankfurter Kickers wurden gegr\u00fcndet, einer der Vorl\u00e4ufervereine der Eintracht.<\/p>\n<p>Ludwig Isenburger spielt sp\u00e4ter auch bei der Victoria und dem Frankfurter Fu\u00dfballverein, und widmet sich der \u00d6ffentlichkeitsarbeit, macht seine Passion zum Beruf, auch bei der Eintracht &#8211; und wird Sportjournalist. Auch f\u00fcr den &#8222;kicker&#8220;, 1920 von Bensemann gegr\u00fcndet, berichtet er vom Frankfurter Fu\u00dfball und ver\u00f6ffentlicht 1929 eine Brosch\u00fcre mit dem Namen &#8222;Aus der Steinzeit des Frankfurter Fu\u00dfballs&#8220; in welcher er sich an die Anfangstage des Frankfurter Fu\u00dfballs erinnert.<\/p>\n<p>Mit der Macht\u00fcbernahme der Nationalsozialisten 1933 endet seine sportjournalistische Karriere gezwungener Ma\u00dfen vor der Zeit. Er schl\u00e4gt sich als Caf\u00e9 Betreiber und als Sprachlehrer durch, wird 1938 verhaftet, nach Buchenwald verschleppt aber nach einigen Wochen wieder frei gelassen. 1939 kann er mit seiner Frau Bella Deutschland verlassen, sie reisen nach Brasilien aus und versuchen sich dort ein neues Leben aufzubauen. Doch die Zeiten sind rau und die Isenburgers kommen kaum \u00fcber die Runden. Eine m\u00fchsam erk\u00e4mpfte Entsch\u00e4digung sichert wenigstens die Grundlagen. Ludwig Isenburger verstirbt am 7. Dezember 1970 im Alter von 85 Jahren in Rio de Janeiro. Am 7. Dezember 1970 wird er auf dem Friedhof \u201eCemiterio Comunal Israelita do Caju\u201c beerdigt. Seine Frau Bella stirbt am 22. September 1977. Sie wird im Grab ihres Mannes bestattet. Die Grabst\u00e4tte der Isenburgers gibt es bis heute, sie befindet sich auf dem Friedhof in Rio de Janeiro im Quadrata C n. &nbsp;100.<\/p>\n<p>Am Freitag, den 23. Juni 2017 wird in Gedenken an Ludwig Isenburger an seiner einstigen Wohnst\u00e4tte vor dem Reuterweg 91 um 14:30 Uhr ein <a href=\"http:\/\/www.eintracht-frankfurt-museum.de\/cms\/pages\/posts\/freitag-23.-juni-2017-stolpersteinverlegung-fuer-ludwig-isenburger848.php\" target=\"_blank\" rel=\"noopener noreferrer\">Stolperstein <\/a>verlegt. Auch die Frankfurter Eintracht wird ihrem einstigen Mitglied gedenken. G\u00e4ste sind gerne willkommen. Einen ausf\u00fchrlichen Lebenslauf findet ihr <a href=\"http:\/\/www.eintracht.de\/news\/artikel\/der-chronist-der-steinzeit-des-frankfurter-fussballs-58362\/\" target=\"_blank\" rel=\"noopener noreferrer\">hier<\/a>.<\/p>\n","protected":false},"excerpt":{"rendered":"<p>Schon 1892 brachte der Vater von Ludwig Isenburger einen echten Lederball von der Londoner Messe mit nach Frankfurt. Ludwig und seine Kumpels kickten zun\u00e4chst auf der Stra\u00dfe, Glasscheiben gingen zu Bruch, die vom Vater anschlie\u00dfend anstandslos bezahlt wurden.<\/p>\n","protected":false},"author":2,"featured_media":12108,"comment_status":"open","ping_status":"open","sticky":false,"template":"","format":"standard","meta":{"ngg_post_thumbnail":0,"footnotes":""},"categories":[9,4],"tags":[1823,1881,1011,2074,2077,2076,2073,2075],"class_list":["post-12107","post","type-post","status-publish","format-standard","has-post-thumbnail","hentry","category-eintracht-frankfurt","category-frankfurt","tag-eintracht-frankfurt","tag-flucht","tag-juden-im-deutschen-fusball","tag-ludwig-isenburger","tag-reuterweg-91","tag-scheiss-nazis","tag-stolperstein","tag-verfolgung","post-preview"],"_links":{"self":[{"href":"https:\/\/www.beveswelt.de\/index.php?rest_route=\/wp\/v2\/posts\/12107","targetHints":{"allow":["GET"]}}],"collection":[{"href":"https:\/\/www.beveswelt.de\/index.php?rest_route=\/wp\/v2\/posts"}],"about":[{"href":"https:\/\/www.beveswelt.de\/index.php?rest_route=\/wp\/v2\/types\/post"}],"author":[{"embeddable":true,"href":"https:\/\/www.beveswelt.de\/index.php?rest_route=\/wp\/v2\/users\/2"}],"replies":[{"embeddable":true,"href":"https:\/\/www.beveswelt.de\/index.php?rest_route=%2Fwp%2Fv2%2Fcomments&post=12107"}],"version-history":[{"count":1,"href":"https:\/\/www.beveswelt.de\/index.php?rest_route=\/wp\/v2\/posts\/12107\/revisions"}],"predecessor-version":[{"id":12109,"href":"https:\/\/www.beveswelt.de\/index.php?rest_route=\/wp\/v2\/posts\/12107\/revisions\/12109"}],"wp:featuredmedia":[{"embeddable":true,"href":"https:\/\/www.beveswelt.de\/index.php?rest_route=\/wp\/v2\/media\/12108"}],"wp:attachment":[{"href":"https:\/\/www.beveswelt.de\/index.php?rest_route=%2Fwp%2Fv2%2Fmedia&parent=12107"}],"wp:term":[{"taxonomy":"category","embeddable":true,"href":"https:\/\/www.beveswelt.de\/index.php?rest_route=%2Fwp%2Fv2%2Fcategories&post=12107"},{"taxonomy":"post_tag","embeddable":true,"href":"https:\/\/www.beveswelt.de\/index.php?rest_route=%2Fwp%2Fv2%2Ftags&post=12107"}],"curies":[{"name":"wp","href":"https:\/\/api.w.org\/{rel}","templated":true}]}}