{"id":11833,"date":"2017-01-16T12:07:48","date_gmt":"2017-01-16T11:07:48","guid":{"rendered":"http:\/\/www.beveswelt.de\/?p=11833"},"modified":"2017-01-16T12:07:48","modified_gmt":"2017-01-16T11:07:48","slug":"is-a-dream-a-lie-if-it-dont-come-true","status":"publish","type":"post","link":"https:\/\/www.beveswelt.de\/?p=11833","title":{"rendered":"Is a dream a lie if it don&#8217;t come true"},"content":{"rendered":"<p>Das neue Jahr sauste mit Karacho in mein Leben, eine knappe Woche tummelte ich mich in Nordspanien, eine gute Woche lag ich anschlie\u00dfend flach und jetzt schaue ich aus dem Fenster in einen blaukalten Wintertag und die Wirklichkeit hat mich wieder. Zumindest fast.<\/p>\n<p><!--more--><\/p>\n<p>Es war eine skurrile Woche zumal Pia ebenfalls angeschlagen war und zudem mein Vater operiert wurde, nichts Wildes und alles wieder gut, aber in diesem Falle w\u00e4re es besser gewesen, mein K\u00f6rper h\u00e4tte seine Auszeit zu einem anderen Zeitpunkt genommen, ich h\u00e4tte mich um andere k\u00fcmmern k\u00f6nnen, statt im Bett zu liegen &#8211; aber ich habe mich anders entschieden. Etwas in mir hat sich anders entschieden. Und ich habe das beste daraus gemacht: Viel Musik, viel Literatur, viele Filme, kaum Fu\u00dfball, kaum Internet, leider auch keine Bewegung und keine frische Luft und auch der Garten musste ohne mich klar kommen. Nach zwei Tagen des Dahind\u00e4mmerns f\u00fcllte sich mein schwerer Kopf mit Dingen, die sich bereichernd anf\u00fchlen, kein digitaler Bullshit lenkte meine Aufmerksamkeit von Dingen ab, keine Alltagsnachrichten, kein Anlass zur selbstgerechten Emp\u00f6rung oder wahrhaftigem Zorn verklebte mein Gehirn.<\/p>\n<p>Knapp 700 Seiten der Springsteen Autobiographie &#8222;Born to run&#8220; zogen mich in ihren Bann, 700 Seiten aus dem Leben eines der wenigen Mainstream-Musiker, der mich seit \u00fcber 30 Jahren begleitet, begeistert, auch wenn mich die Alben seit 1992 nicht mehr ganz so kickten, wie die von 1975 bis 1984, abgesehen vielleicht von &#8222;The Ghost of Tom Joad&#8220; von 1995. Ein bewegendes Buch eines Mannes, der das Beste aus seinem Leben gemacht hat, der es ganz nach oben gepackt hat &#8211; ohne dass es zun\u00e4chst danach aussah. Ein bewegendes Buch &#8211; auch und gerade weil er sich intensiv mit seinem Werdegang besch\u00e4ftigt hat, der ihn auch vor dunklem innwendigem Regen nicht verschont hat. Ich sehe meinem Leben hinterher. Wo bin ich? Was ist passiert zwischen jenem Sommer im Jahr 1985 als wir auf dem Rasen des Waldstadions standen, zwei Joints hinter den Ohren, f\u00fcnf Liter Apfelwein im Kanister und zu den Kl\u00e4ngen des Boss &#8222;You can&#8217;t start a fire without a spark&#8220; in den Frankfurter Sommerhimmel br\u00fcllten bis heute? Damals lag das aufregende Erwachsenenleben noch vor uns, jetzt, 31 Jahre sp\u00e4ter finde ich eine Ansammlung von Unf\u00e4higkeiten vor, eine einzige Reihe von Schlachten mit meinen D\u00e4monen, vielleicht habe ich einige eingesperrt, vielleicht sind einige meine Freunde geworden, oft habe ich mich bet\u00e4ubt, um sie nicht wahrzunehmen, war unterwegs zu einem neuen Ich auf Reisen mit und ohne Pass &#8211; aber sie sind alle noch da, sie winken aus einem Bild von Bosch in mir zu mir her\u00fcber, jederzeit bereit mich herauszufordern. Gedankendenken ohne Stillstand. Gut, dass Pia da ist, ohne dass sie es will h\u00e4lt sie mehr meiner D\u00e4monen in Schach, als ich es alleine k\u00f6nnte. Ich hoffe, ich kann ihr ein bisschen was zur\u00fcckgeben, ich hoffe, dass sie noch lange da ist. Wenn dir irgendwann zuviel gesagt wurde, l\u00e4sst du dir nichts mehr sagen, egal von wem &#8211; solange du den Eindruck hast, dass Gesagtes ungerecht ist, dass Gesagtes nichts mit dir zu tun hat. Autorit\u00e4ten sind nicht deshalb Autorit\u00e4ten,weil sie Autorit\u00e4ten sind, sie sind Autorit\u00e4ten, weil du sie dazu gemacht hast. Weil sie sich trotz dir in dein Leben geschlichen haben. Und glaubt mir, es gibt nicht viele, denen wirklicher Respekt geb\u00fchrt. <a href=\"https:\/\/www.youtube.com\/watch?v=DHcPfwzwoGg\" target=\"_blank\">&#8222;Is a dream a lie if it don&#8217;t come true &#8211; Or is it something worse&#8220;<\/a>. Muss man alles denken, was man denken kann? Stellt sich diese Frage \u00fcberhaupt?<\/p>\n<p>Einfach nur am Meer sitzen, die Wellen sp\u00fclen deine Gedanken, kostbare Sekunden des Einswerden mit dir selbst. Was oder wer das auch immer ist.<\/p>\n<p>Jetzt sind die Gelegenheiten am Meer zu sitzen ja eher \u00fcberschaubar, weil sie viel zu selten realisiert werden. Was haben wir nicht alles f\u00fcr Gr\u00fcnde. Wir m\u00fcssen ja noch ganz viel Zeit vergeuden, bis wir in einem lichten Moment auf das Naheliegenste kommen. Fahre los. Den Rest erledigst zu sp\u00e4ter.<\/p>\n<p>Meer ist Wald ist Berg ist Schmetterling. Oder drei Stunden Springsteen live. Die alten Wunden bekommst du nie los. Liebe sie.<\/p>\n<p><a href=\"http:\/\/www.beveswelt.de\/wp-content\/uploads\/2017\/01\/SanSebastian.jpg\"><img decoding=\"async\" class=\"aligncenter size-full wp-image-11834\" src=\"http:\/\/www.beveswelt.de\/wp-content\/uploads\/2017\/01\/SanSebastian.jpg\" alt=\"\" width=\"650\" height=\"551\" srcset=\"https:\/\/www.beveswelt.de\/wp-content\/uploads\/2017\/01\/SanSebastian.jpg 650w, https:\/\/www.beveswelt.de\/wp-content\/uploads\/2017\/01\/SanSebastian-300x254.jpg 300w\" sizes=\"(max-width: 650px) 100vw, 650px\" \/><\/a><\/p>\n<p>&nbsp;<\/p>\n<p>&nbsp;<\/p>\n<p>&nbsp;<\/p>\n","protected":false},"excerpt":{"rendered":"<p>Das neue Jahr sauste mit Karacho in mein Leben, eine knappe Woche tummelte ich mich in Nordspanien, eine gute Woche lag ich anschlie\u00dfend flach und jetzt schaue ich aus dem Fenster in einen blaukalten Wintertag und die Wirklichkeit hat mich wieder. Zumindest fast.<\/p>\n","protected":false},"author":2,"featured_media":11835,"comment_status":"open","ping_status":"open","sticky":false,"template":"","format":"standard","meta":{"ngg_post_thumbnail":0,"footnotes":""},"categories":[12],"tags":[935,2040,1359,413],"class_list":["post-11833","post","type-post","status-publish","format-standard","has-post-thumbnail","hentry","category-wortwelt","tag-bruce-springsteen","tag-ich","tag-meer","tag-pia","post-preview"],"_links":{"self":[{"href":"https:\/\/www.beveswelt.de\/index.php?rest_route=\/wp\/v2\/posts\/11833","targetHints":{"allow":["GET"]}}],"collection":[{"href":"https:\/\/www.beveswelt.de\/index.php?rest_route=\/wp\/v2\/posts"}],"about":[{"href":"https:\/\/www.beveswelt.de\/index.php?rest_route=\/wp\/v2\/types\/post"}],"author":[{"embeddable":true,"href":"https:\/\/www.beveswelt.de\/index.php?rest_route=\/wp\/v2\/users\/2"}],"replies":[{"embeddable":true,"href":"https:\/\/www.beveswelt.de\/index.php?rest_route=%2Fwp%2Fv2%2Fcomments&post=11833"}],"version-history":[{"count":2,"href":"https:\/\/www.beveswelt.de\/index.php?rest_route=\/wp\/v2\/posts\/11833\/revisions"}],"predecessor-version":[{"id":11837,"href":"https:\/\/www.beveswelt.de\/index.php?rest_route=\/wp\/v2\/posts\/11833\/revisions\/11837"}],"wp:featuredmedia":[{"embeddable":true,"href":"https:\/\/www.beveswelt.de\/index.php?rest_route=\/wp\/v2\/media\/11835"}],"wp:attachment":[{"href":"https:\/\/www.beveswelt.de\/index.php?rest_route=%2Fwp%2Fv2%2Fmedia&parent=11833"}],"wp:term":[{"taxonomy":"category","embeddable":true,"href":"https:\/\/www.beveswelt.de\/index.php?rest_route=%2Fwp%2Fv2%2Fcategories&post=11833"},{"taxonomy":"post_tag","embeddable":true,"href":"https:\/\/www.beveswelt.de\/index.php?rest_route=%2Fwp%2Fv2%2Ftags&post=11833"}],"curies":[{"name":"wp","href":"https:\/\/api.w.org\/{rel}","templated":true}]}}