{"id":11730,"date":"2016-12-08T09:58:23","date_gmt":"2016-12-08T08:58:23","guid":{"rendered":"http:\/\/www.beveswelt.de\/?p=11730"},"modified":"2016-12-08T09:58:23","modified_gmt":"2016-12-08T08:58:23","slug":"11freunde-jahresrueckblick-batschkapp","status":"publish","type":"post","link":"https:\/\/www.beveswelt.de\/?p=11730","title":{"rendered":"11Freunde Jahresr\u00fcckblick| Batschkapp"},"content":{"rendered":"<p style=\"text-align: justify;\">Zum wiederholten Mal luden die 11Freunde in Gestalt von Philipp K\u00f6ster zum Jahresr\u00fcckblick in die Frankfurter Batschkapp, erstmals jedoch unter meinen Augen. Die vergangenen Jahre war ich trotz illustrer G\u00e4ste wie Peter Fischer, Friedhelm Funkel, Manni Binz oder Henni Nachtsheim leider verhindert. Heuer hat es sehr lange gedauert, bis die G\u00e4steliste durchsickerte, die meisten Anwesenden hatten sich ihre Karten ohne Kenntnis der G\u00e4ste besorgt, so auch wir.<\/p>\n<p style=\"text-align: justify;\"><!--more--><\/p>\n<p style=\"text-align: justify;\">Die Batschkapp d\u00fcrfte ausverkauft gewesen sein &#8211; und es waren keineswegs nur Eintrachtfans vor Ort, die verschiedensten Clubs wurden durch Trikots repr\u00e4sentiert. Die Halle lag in sattem Dunkel, nur die B\u00fchne, dekoriert mit Couch, Tisch und Notebook, war beleuchtet, dezente Konzertatmosph\u00e4re. K\u00f6ster betrat die B\u00fchne und begr\u00fc\u00dfte die anspruchslosen Frankfurter, die ohne Kenntnis der G\u00e4ste den Laden voll gemacht h\u00e4tten. Diesmal waren vor Ort: Ansgar Brinkmann, Fredi Bobic, Oliver Reck und Hartmut Scherzer, der f\u00fcr den kurzfristig indisponierten Norbert Meier eingesprungen war. Scherzer hat die Eintracht lange Jahre journalistisch begleitet, unter anderem f\u00fcr die Abendpost Nachtausgabe &#8211; und er hat gemeinsam mit Grabowski von der WM 1978 in Argentinien berichtet. Auch das gro\u00dfe Buch \u00fcber Grabi stammt aus seiner Feder.<\/p>\n<p style=\"text-align: justify;\">K\u00f6sters Wortgewandtheit und sein allgemein bekanntes breitbeiniges Selbstbewusstsein schimmert auch auf der B\u00fchne durch, vorteilhaft, wenn es um flottes Reagieren geht, jedoch kippt dies zuweilen in \u00dcberheblichkeit um, vor allem im Gespr\u00e4ch mit Scherzer, der sich freim\u00fctig dazu bekannte, noch alte Schule zu sein. Kein Facebook, kein Twitter. Laptop und Zeitung.<\/p>\n<p style=\"text-align: justify;\">Der Jahresr\u00fcckblick rieb sich wenig an der Eintracht, wie es vielleicht zu vermuten gewesen w\u00e4re, auch das jeweils pers\u00f6nliche Jahr der G\u00e4ste stand stets im Hintergrund, so blieb es meist bei Allgemeinpl\u00e4tzen, die jedoch unterhaltsam pr\u00e4sentiert wurden. Kurzer R\u00fcckblick auf die EM und die Geschichte des Will Griggs, vom Freak hinter dem Monitor bis hin zum kollektiven Stadiongesang. Wolfsburgs Transferpolitik war Thema, Tuchels Rede nach dem verlorenen Eintrachtspiel, kurzer Hinweis auf Leipzig (Wer K\u00f6sters Haltung zum Club kennt, ahnt, dass es wirklich nur ein kurzer Hinweis war), Leicesters Meisterschaft und der neue TV-Vertrag. Emotionaler H\u00f6hepunkt des Abends war sicher eine visuelle Erinnerung an den leider verstorbenen Johan Cruyff.<\/p>\n<p style=\"text-align: justify;\">Brinkmann hielt sich merklich zur\u00fcck, jedoch blickte zuweilen dessen sattsam bekannte Brinkmannsche Art durch. Auf die Frage, was es f\u00fcr seine Karriere bedeutet h\u00e4tte, so es damals schon die sozialen Medien gegeben h\u00e4tte, antwortete er schlicht: <em>Mein Ende<\/em>. Als Norbert Meier angesprochen wurde, warf er ein, dass er bei einem Trainer Meier, der seine Truppe motivieren will, stets an den Auftritt mit Albert Streit denken m\u00fcsse, als Meier wie vom Blitz getroffen ohne Ber\u00fchrung umfiel. Soviel zum Kampf. Und zur Motivation. Und bei Schafstalls Training in Osnabr\u00fcck war die Mannschaft schon beim Warmlaufen im roten Bereich angelangt.<\/p>\n<p style=\"text-align: justify;\">Bobic, der \u00fcbrigens mit Tuchel in grauer Vorzeit bei den Stuttgarter Kickers gekickt hatte, pendelte zwischen Lausbub und elder Statesman. Er gewinnt der Pr\u00e4sentation einzelner Fu\u00dfballer in den sozialen Medien nicht allzuviel ab, klare Ansage von ihm: <em>Die Pr\u00e4sentation findet auf dem Platz statt.<\/em> Seine Lieblingssentenz <em>Am Ende des Tages <\/em>kam ihm viermal \u00fcber die Lippen, f\u00fcr knapp zwei Stunden ein ordentlicher Wert. F\u00fcr Heiterkeit sorgten seine Einlassungen zur Sendung Doppelpass. <em>Ich musste 60 Minuten lang Edmund Stoiber zuh\u00f6ren. Einige Zuschauer sind dabei fast eingeschlafen, ich konnte nicht, ich war ja vor der Kamera. <\/em>Ein kleiner Versprecher von Bobic, der \u00fcber seine Bewerbung bei der Eintracht sprach, das Wort &#8222;Bewerbung&#8220; aber noch korrigierte, bevor es vollends ausgesprochen war, wurde von K\u00f6sters geistesgegenw\u00e4rtig aufgegriffen und in die Frage umgewandelt, wie man sich den so eine Bewerbung vorstellen k\u00f6nne. Bobic bekam die Kurve, vermied das Wort Bewerbung und sprach von mobilen Telefonen, Kontakt und Kommunikation.<\/p>\n<p style=\"text-align: justify;\">Oliver Reck, bekannterma\u00dfen kein Wortakrobat, nahm zu Schalke Stellung, immerhin hat er dort f\u00fcnf Jahre gespielt. Wichtig f\u00fcr Schalke seien &#8222;Authentizit\u00e4t&#8220; und Kontinuit\u00e4t, dabei lobte er Neumanager Heidel, der trotz holprigem Start an Trainer Weinzierl festgehalten hatte. Sch\u00f6n war die Wortkreation &#8222;Erdbodenkante&#8220;. Von dort n\u00e4mlich seien Vereine, die nicht am Geldregen der TV-Vertr\u00e4ge partizpieren verschwunden. Es ging nat\u00fcrlich um die finanzielle Ausstattung der Amateurligen, um die Schere die zwischen den beiden oberen und den folgenden Ligen klafft. Ist ein Absturz aus Liga Eins im Zweifel verkraftbar, so ist der Fall aus der zweiten Liga finanziell kaum noch aufzufangen.<\/p>\n<p style=\"text-align: justify;\">Hartmut Scherzer redete sich ins kurz ins Verh\u00e4ngnis, als die Sprache auf Leipzig kam, ein Club, dessen Aufstieg er durchaus wohlwollend betrachtet. Leider hat K\u00f6ster in diesem Moment auf ein Erkenntnis bringendes Gespr\u00e4ch zu Gunsten des Koketierens mit der eigenen Haltung verzichtet &#8211; wobei die Argumente ja auch schon sattsam ausgetauscht sind. Scherzer h\u00e4lt die vorhersehbare Entlassung von Meier zu diesem Zeitpunkt f\u00fcr einen Fehler und erinnerte zudem an den Karriereknick einstiger Frankfurter Spieler, die nach Wolfsburg gewechselt sind, Ochs oder Jung, die mehr oder minder von der ganz gro\u00dfen Bildfl\u00e4che verschwunden sind &#8211; im Gegensatz zu Russ, der mit seiner R\u00fcckkehr nach Frankfurt alles richtig gemacht h\u00e4tte.<\/p>\n<p style=\"text-align: justify;\">Zu den Gespr\u00e4chsrunden wurden kurzweilige Filme eingespielt, die sch\u00f6nsten Schwalben, die gr\u00f6bsten Fouls im Amateurfu\u00dfball und nat\u00fcrlich L\u00f6ws Griff in den Schritt.<\/p>\n<p style=\"text-align: justify;\">Ein bunter Streifzug also durch die Fu\u00dfballgeschichte des Jahre 2016, der weitgehend auf Tiefgr\u00fcndiges und Pers\u00f6nliches verzichtete, etliche Aspekte anriss und recht unterhaltsam war. Dies lag nicht zuletzt an K\u00f6ster, der &#8211; sich seiner Selbst bewusst &#8211; wie am Schn\u00fcrchen durch den Abend f\u00fchrte, gef\u00fchlt auf Augenh\u00f6he mit seinen Protagonisten, wobei er gerade bei Scherzer, der das gro\u00dfe Rampenlicht nicht so gewohnt war, eher als Dompteur denn als Gastgeber auftrat. Dankenswerter Weise wurde auf den geplanten Blick auf die Bayern verzichtet, das Publikum war darob bis auf Vereinzelte Problemf\u00e4lle nicht b\u00f6se.<\/p>\n<p style=\"text-align: justify;\">Die Leute waren zufrieden, applaudierten artig und str\u00f6mten in die K\u00e4lte, wer wollte, konnte jedoch noch das CL-Spiel zwischen Real Madrid und dem BVB auf Leinwand verfolgen. Immerhin, denn trotz allem Unterhaltungswert sind 16,50 Euro Eintritt doch ein stolzer Preis. Und es bleibt die Frage, weshalb bei einem Jahresr\u00fcckblick in Frankfurt ein Foto einer historischen Partie zwischen dem MSV Duisburg und dem BVB vor Beginn die Leinwand ziert. Aber dies sind Petitessen im gro\u00dfen Kampf um das runde Leder.<\/p>\n<p style=\"text-align: justify;\"><!-- default-view.php -->\n<div\n\tclass=\"ngg-galleryoverview default-view\n\t ngg-ajax-pagination-none\t\"\n\tid=\"ngg-gallery-36d8583e30d59f768520cda9cf6f5f1d-1\"\n\tdata-gallery-id=\"324\">\n\n\t\t<!-- Thumbnails -->\n\t\t\t\t<div id=\"ngg-image-0\" class=\"ngg-gallery-thumbnail-box\n\t\t\t\t\t\t\t\tngg-3-columns\t\t\t\"\n\t\t\t>\n\t\t\t\t\t\t<div class=\"ngg-gallery-thumbnail\">\n\t\t\t<a href=\"https:\/\/www.beveswelt.de\/wp-content\/gallery\/2016_12_11f\/11_2.jpg\"\n\t\t\t\ttitle=\"\"\n\t\t\t\tdata-src=\"https:\/\/www.beveswelt.de\/wp-content\/gallery\/2016_12_11f\/11_2.jpg\"\n\t\t\t\tdata-thumbnail=\"https:\/\/www.beveswelt.de\/wp-content\/gallery\/2016_12_11f\/thumbs\/thumbs_11_2.jpg\"\n\t\t\t\tdata-image-id=\"2971\"\n\t\t\t\tdata-title=\"11_2\"\n\t\t\t\tdata-description=\"\"\n\t\t\t\tdata-image-slug=\"11_2\"\n\t\t\t\t\t\t\t\t\t\t\t\t\t\t\t\t\t\t\t\tclass=\"ngg-fancybox\" rel=\"36d8583e30d59f768520cda9cf6f5f1d\">\n\t\t\t\t\t\t\t\t<img\n\t\t\t\t\ttitle=\"11_2\"\n\t\t\t\t\talt=\"11_2\"\n\t\t\t\t\tsrc=\"https:\/\/www.beveswelt.de\/wp-content\/gallery\/2016_12_11f\/thumbs\/thumbs_11_2.jpg\"\n\t\t\t\t\twidth=\"150\"\n\t\t\t\t\theight=\"150\"\n\t\t\t\t\tstyle=\"max-width:100%;\"\n\t\t\t\t\/>\n\t\t\t<\/a>\n\t\t<\/div>\n\t\t\t\t\t\t\t<\/div>\n\t\t\t\n\t\t\t\t<div id=\"ngg-image-1\" class=\"ngg-gallery-thumbnail-box\n\t\t\t\t\t\t\t\tngg-3-columns\t\t\t\"\n\t\t\t>\n\t\t\t\t\t\t<div class=\"ngg-gallery-thumbnail\">\n\t\t\t<a href=\"https:\/\/www.beveswelt.de\/wp-content\/gallery\/2016_12_11f\/11_3.jpg\"\n\t\t\t\ttitle=\"\"\n\t\t\t\tdata-src=\"https:\/\/www.beveswelt.de\/wp-content\/gallery\/2016_12_11f\/11_3.jpg\"\n\t\t\t\tdata-thumbnail=\"https:\/\/www.beveswelt.de\/wp-content\/gallery\/2016_12_11f\/thumbs\/thumbs_11_3.jpg\"\n\t\t\t\tdata-image-id=\"2972\"\n\t\t\t\tdata-title=\"11_3\"\n\t\t\t\tdata-description=\"\"\n\t\t\t\tdata-image-slug=\"11_3\"\n\t\t\t\t\t\t\t\t\t\t\t\t\t\t\t\t\t\t\t\tclass=\"ngg-fancybox\" rel=\"36d8583e30d59f768520cda9cf6f5f1d\">\n\t\t\t\t\t\t\t\t<img\n\t\t\t\t\ttitle=\"11_3\"\n\t\t\t\t\talt=\"11_3\"\n\t\t\t\t\tsrc=\"https:\/\/www.beveswelt.de\/wp-content\/gallery\/2016_12_11f\/thumbs\/thumbs_11_3.jpg\"\n\t\t\t\t\twidth=\"150\"\n\t\t\t\t\theight=\"150\"\n\t\t\t\t\tstyle=\"max-width:100%;\"\n\t\t\t\t\/>\n\t\t\t<\/a>\n\t\t<\/div>\n\t\t\t\t\t\t\t<\/div>\n\t\t\t\n\t\t\t\t<div id=\"ngg-image-2\" class=\"ngg-gallery-thumbnail-box\n\t\t\t\t\t\t\t\tngg-3-columns\t\t\t\"\n\t\t\t>\n\t\t\t\t\t\t<div class=\"ngg-gallery-thumbnail\">\n\t\t\t<a href=\"https:\/\/www.beveswelt.de\/wp-content\/gallery\/2016_12_11f\/11_4.jpg\"\n\t\t\t\ttitle=\"\"\n\t\t\t\tdata-src=\"https:\/\/www.beveswelt.de\/wp-content\/gallery\/2016_12_11f\/11_4.jpg\"\n\t\t\t\tdata-thumbnail=\"https:\/\/www.beveswelt.de\/wp-content\/gallery\/2016_12_11f\/thumbs\/thumbs_11_4.jpg\"\n\t\t\t\tdata-image-id=\"2973\"\n\t\t\t\tdata-title=\"11_4\"\n\t\t\t\tdata-description=\"\"\n\t\t\t\tdata-image-slug=\"11_4\"\n\t\t\t\t\t\t\t\t\t\t\t\t\t\t\t\t\t\t\t\tclass=\"ngg-fancybox\" rel=\"36d8583e30d59f768520cda9cf6f5f1d\">\n\t\t\t\t\t\t\t\t<img\n\t\t\t\t\ttitle=\"11_4\"\n\t\t\t\t\talt=\"11_4\"\n\t\t\t\t\tsrc=\"https:\/\/www.beveswelt.de\/wp-content\/gallery\/2016_12_11f\/thumbs\/thumbs_11_4.jpg\"\n\t\t\t\t\twidth=\"150\"\n\t\t\t\t\theight=\"150\"\n\t\t\t\t\tstyle=\"max-width:100%;\"\n\t\t\t\t\/>\n\t\t\t<\/a>\n\t\t<\/div>\n\t\t\t\t\t\t\t<\/div>\n\t\t\t\n\t\n\t<br style=\"clear: both\" \/>\n\n\t\n\t\t<div class=\"ngg-clear\"><\/div>\n\t<\/div>\n<\/p>\n","protected":false},"excerpt":{"rendered":"<p>Zum wiederholten Mal luden die 11Freunde in Gestalt von Philipp K\u00f6ster zum Jahresr\u00fcckblick in die Frankfurter Batschkapp, erstmals jedoch unter meinen Augen. Die vergangenen Jahre war ich trotz illustrer G\u00e4ste wie Peter Fischer, Friedhelm Funkel, Manni Binz oder Henni Nachtsheim leider verhindert. Heuer hat es sehr lange gedauert, bis die G\u00e4steliste durchsickerte, die meisten Anwesenden [&hellip;]<\/p>\n","protected":false},"author":2,"featured_media":11732,"comment_status":"open","ping_status":"open","sticky":false,"template":"","format":"standard","meta":{"ngg_post_thumbnail":0,"footnotes":""},"categories":[12],"tags":[906,1036,1585,2028,656,2029,2030],"class_list":["post-11730","post","type-post","status-publish","format-standard","has-post-thumbnail","hentry","category-wortwelt","tag-11freunde","tag-ansgar-brinkmann","tag-batschkapp","tag-fredi-bobic","tag-hartmut-scherzer","tag-oliver-reck","tag-philipp-koester","post-preview"],"_links":{"self":[{"href":"https:\/\/www.beveswelt.de\/index.php?rest_route=\/wp\/v2\/posts\/11730","targetHints":{"allow":["GET"]}}],"collection":[{"href":"https:\/\/www.beveswelt.de\/index.php?rest_route=\/wp\/v2\/posts"}],"about":[{"href":"https:\/\/www.beveswelt.de\/index.php?rest_route=\/wp\/v2\/types\/post"}],"author":[{"embeddable":true,"href":"https:\/\/www.beveswelt.de\/index.php?rest_route=\/wp\/v2\/users\/2"}],"replies":[{"embeddable":true,"href":"https:\/\/www.beveswelt.de\/index.php?rest_route=%2Fwp%2Fv2%2Fcomments&post=11730"}],"version-history":[{"count":4,"href":"https:\/\/www.beveswelt.de\/index.php?rest_route=\/wp\/v2\/posts\/11730\/revisions"}],"predecessor-version":[{"id":11744,"href":"https:\/\/www.beveswelt.de\/index.php?rest_route=\/wp\/v2\/posts\/11730\/revisions\/11744"}],"wp:featuredmedia":[{"embeddable":true,"href":"https:\/\/www.beveswelt.de\/index.php?rest_route=\/wp\/v2\/media\/11732"}],"wp:attachment":[{"href":"https:\/\/www.beveswelt.de\/index.php?rest_route=%2Fwp%2Fv2%2Fmedia&parent=11730"}],"wp:term":[{"taxonomy":"category","embeddable":true,"href":"https:\/\/www.beveswelt.de\/index.php?rest_route=%2Fwp%2Fv2%2Fcategories&post=11730"},{"taxonomy":"post_tag","embeddable":true,"href":"https:\/\/www.beveswelt.de\/index.php?rest_route=%2Fwp%2Fv2%2Ftags&post=11730"}],"curies":[{"name":"wp","href":"https:\/\/api.w.org\/{rel}","templated":true}]}}