{"id":11555,"date":"2016-08-18T12:35:28","date_gmt":"2016-08-18T10:35:28","guid":{"rendered":"http:\/\/www.beveswelt.de\/?p=11555"},"modified":"2016-08-18T12:57:09","modified_gmt":"2016-08-18T10:57:09","slug":"alex-schur-24","status":"publish","type":"post","link":"https:\/\/www.beveswelt.de\/?p=11555","title":{"rendered":"Alex Schur. 24"},"content":{"rendered":"<p style=\"text-align: justify;\">Wie kaum ein anderer, sehen wir einmal von Uwe Bindewald und Oka Nikolov ab, steht der Name von Alex Schur f\u00fcr eine \u00c4ra der Eintracht, die nach dem erstmaligen Abstieg aus der Bundesliga 1996 begann. Aus der strahlenden Diva von einst, die mit Grabowski oder H\u00f6lzenbein und sp\u00e4ter mit Uwe Bein oder Tony Yeboah die Liga verzauberte, wurde nach dem desastr\u00f6sen Abstieg eine andere Eintracht; eine Eintracht, die zunehmend \u00fcber den Kampf ins Spiel kam, kommen musste, auch da der G\u00fcrtel enger und enger geschnallt werden musste.<\/p>\n<p style=\"text-align: justify;\"><!--more--><\/p>\n<p style=\"text-align: justify;\">Schur ist unzweifelhaft ein Frankfurter Bub, genauer ein Bockenheimer Bub, obgleich er mit seiner Familie schon lange in Hofheim-Diedenbergen lebt und auch dort heimisch geworden ist. Er hat nur f\u00fcr Frankfurter Vereine gespielt, sieht man einmal von seinem letzten Jahr als aktiver Fu\u00dfballer ab, welches er bei der Spvgg Seligenstadt verbracht hatte. Nach seiner Jugendzeit beim VfR Bockenheim wechselte er zu Rot Wei\u00df Frankfurt, blieb dort sechs Jahre und spielte anschlie\u00dfend ein Jahr f\u00fcr den FSV in der zweiten Liga. Im Alter von 24 Jahren trug er dann erstmals das Trikot seines erkl\u00e4rten Lieblingsvereins, der Frankfurter Eintracht. Ein Jahr lang am Riederwald bei den Amateuren, seit 1996 bei den Profis. Von Beginn an bei den Profis mit der Nummer 24, wurde diese Nummer zu seinem Markenzeichen, zehn Jahre voller H\u00f6hen und Tiefen folgten, bis er seine Profikarriere auch aufgrund einer schweren Verletzung 2006 beenden musste.<\/p>\n<p style=\"text-align: justify;\">Jetzt hat er gemeinsam mit Oliver Zils ein Buch \u00fcber seine ersten 45 Jahre herausgebracht: <a href=\"http:\/\/www.societaets-verlag.de\/buecher\/buecher\/alex-schur-24\">Vom Fan zum Kapit\u00e4n &#8211; Geschichte einer Eintracht-Legende. Alex Schur. 24<\/a><\/p>\n<p style=\"text-align: justify;\">Unterteilt ist das Buch angelehnt an seine R\u00fcckennummer in 24 Kapitel. Vorgestellt wurde es im Museum der Frankfurter Eintracht, mit dabei neben Alex auch der Autor Oliver Zils sowie Ren\u00e9 Heinen, Verlagsleiter des Societ\u00e4ts Verlags, der das Buch herausgegeben hat und dazu an die hundert G\u00e4ste, die einen durchaus heiteren Abend erlebten.<\/p>\n<p style=\"text-align: justify;\">Alex Schur wurde vor einigen Jahren hochoffiziell zu einer Legende der Eintracht gew\u00e4hlt, deren Konterfeis die U-Bahn-Station Willy-Brandt-Platz zieren &#8211; und das ohne jemals einen Titel f\u00fcr die Eintracht gewonnen zu haben, die Zweitligameisterschaft 1998 z\u00e4hlt f\u00fcr uns nicht. Kein einziges L\u00e4nderspiel hat Schur bestritten, sein erstes Bundesligaspiel erst mit 27 Jahren absolviert &#8211; und doch wird kaum jemand die Wahl zur Legende anzweifeln. Wie geht das?<\/p>\n<p style=\"text-align: justify;\">Neben der Vereinstreue auch an schlechten Tagen, neben der Frankfurter Herkunft, neben einem legend\u00e4ren Tor gegen Reutlingen, damals 2003, welches den Bundesligaaufstieg bedeutete, muss es noch andere Faktoren geben. Schlie\u00dflich war etwa Benni K\u00f6hler \u00e4hnlich lange bei der Eintracht, kommt Jermaine Jones auch aus Frankfurt, hat Horst Heldt auch einmal ein wichtiges Tor zum Klassenerhalt erzielt, damals gegen Ulm und war Andy M\u00f6ller sicherlich der bessere Fu\u00dfballer &#8211; und dennoch sieht man noch heute das Trikot mit der 24 in der Fankurve.<\/p>\n<p style=\"text-align: justify;\">Wer Alex auf dem Platz erlebt hat, der wei\u00df, dass er immer alles gegeben hat, dass er trotz limitierter technischer M\u00f6glichkeiten eine Eintracht verk\u00f6rperte, die sich in die Herzen der Fans spielte, weil sie nie aufgab, weil sie nahbar war und der Frankfurter Bub stets vorneweg ging, ohne R\u00fccksicht auf eigene Verluste. Und weil er stellvertretend f\u00fcr viele Fans einen Traum realisiert hatte: Von der Kurve auf den Platz. Und weil er stets der Alex oder Schui war und nie der Herr Schur, der vergessen hat, wo er herkommt. Die Fans haben meist ein gutes Gesp\u00fcr f\u00fcr Authentizit\u00e4t, sie bewundern einen Ronaldo ob seiner spielerischen F\u00e4higkeiten, sie lieben ihn aber erst dann, wenn er trotz Security sich Zeit f\u00fcr ein Selfie mit einem Fan nimmt, der ewig und drei Tage nicht mit seinem Handy klar kommt. Wenn er Mensch wird, wie wir alle. Wenn er sich nicht inszeniert, sondern manchmal f\u00fcnfe einfach gerade sein l\u00e4sst. Wenn er sagt, was er denkt, ohne in Sprechblasen zu verfallen.<\/p>\n<p style=\"text-align: justify;\">In 24 Kapiteln begegnen wir im Buch einem Alex Schur, der \u00fcber vieles spricht, was ihn bewegt hat oder noch heute bewegt. Sein Elternhaus, seine Freunde, seine Familie, die Eintracht und Frankfurt. Und in den Schilderungen erleben wir einen Schur, der gleicherma\u00dfen nachdenklich, zuweilen gr\u00fcblerisch, wie auch emotional wirkt. Ihm ist wenig in den Scho\u00df gefallen, nicht die Profikarriere, nicht die Zeit davor oder danach &#8211; und dennoch erlebte Schur eine recht unbeschwerte Kindheit und Jugend. Gro\u00dfe Reisen gab es nicht, aber tolle Ferientage im Garten der Eltern, eine Jugendliebe, die bis heute anh\u00e4lt &#8211; und nat\u00fcrlich die Ausfl\u00fcge zur Eintracht, zun\u00e4chst mit dem Vater, sp\u00e4ter mit Kumpels.<\/p>\n<p style=\"text-align: justify;\">Nat\u00fcrlich erleben wir im Buch die Jahre bei der Eintracht, die Eigenarten eines Uwe Bindewald, mit dem Schur wie auch mit Henning B\u00fcrger bis heute freundschaftlich verbunden ist, die Anekdoten \u00fcber Chen Yang und Felix Magath, \u00fcber Bernd Schneider oder Horst Ehrmantraut. Aber wir erfahren auch, wie es ist, wenn du im Team in die Jahre gekommen bist, wenn junge Spieler an deinem Platz kratzen, wenn durch eine schwere Verletzung wie in Aue 2005 sich das Ende der Karriere pl\u00f6tzlich noch schneller abzeichnet, als ohnehin geahnt. Wenn aus dem Platz im Rampenlicht pl\u00f6tzlich der Platz im Schatten wird, und aus dem gefeierten Fu\u00dfballprofi pl\u00f6tzlich ein Jemand, der Praktikant im Marketing des RMV wird, der sich von jungen M\u00e4dels erkl\u00e4ren lassen muss, wie Excel funktioniert und der damit klar kommen muss, in dem Verein, f\u00fcr den er zehn Jahre lang ein Aush\u00e4ngeschild war, nach dem Ende seiner Karriere zun\u00e4chst keinen Platz zu finden. Da war kein nahtloser \u00dcbergang an die Mikrofone der Fernsehsender, kein Repr\u00e4sentant, da war Alex Schur, der sich \u00fcber Praktika einen \u00dcberblick \u00fcber das Berufsleben verschaffen musste, der immerhin \u00fcber eines der Praktika beim Verein der Frankfurter Eintracht auch \u00fcber eine Trainerlaufbahn nachdachte, die Lizenzen erwarb und gleich in seinem ersten Jahr als hauptverantwortlicher Coach mit der U17 der SGE Deutscher Meister wurde. Zuvor allerdings war er Co-Trainer unter Frank Leicht, zun\u00e4chst bei der U19, dann bei den Amateuren, der U23. Einer, der weit \u00fcber 200 Spiele f\u00fcr die Eintracht absolviert hatte, der Volksheld wurde und Legende, agierte als Co-Trainer in der Jugend.<\/p>\n<p style=\"text-align: justify;\">Schur hat dies akzeptiert, auch wenn die Situation sicherlich manchmal entt\u00e4uschend war, hinten anstellen ist nicht einfach, so man gewohnt ist, vorneweg zu laufen. Vielleicht ist dies sogar das bewundernswerteste, die Akzeptanz des Notwendigen nach gr\u00fcblerischer Reflektion, nahezu buddhaesk sich seinem Schicksal zu f\u00fcgen ohne sich in dessen H\u00e4nde zu begeben, die Dinge von einer anderen Warte aus zu betrachten, um zufrieden seinen Weg zu gehen. Und zufrieden scheint er zu sein, der Alex. Zufrieden mit dem Erreichten, zufrieden mit seiner Familie, zufrieden mit seiner Eintracht, f\u00fcr sie er seit Jahren Trainer der U19 ist und immer wieder als Coach der Profis gehandelt wird, sobald ein Trainer schw\u00e4chelt. Wenn die Zeit gekommen ist, wird ihn sicherlich der Ruf ereilen und wie wir ihn kennen, wird er ihn sicherlich auch annehmen. Aber &#8222;man muss nicht immer alles toppen&#8220; sagte er im Museum der Eintracht. Er hat eine sch\u00f6ne Aufgabe in einem soliden Umfeld, eine R\u00fcckzugsm\u00f6glichkeit am Taunus, ein Auskommen, welches keine Reicht\u00fcmer verspricht aber mit dem es sich leben l\u00e4sst und eine Perspektive, die wom\u00f6glich eines Tages Wirklichkeit wird.<\/p>\n<p style=\"text-align: justify;\">Oliver Zils, der Schur nicht nur auf dem Platz als Eintrachfan erlebt, sondern ihn ob beider Kinder als Familienvater\u00a0 in Hofheim kennen gelernt hat, ist ein Buch gelungen, welches atypisch f\u00fcr ein Fu\u00dfballbuch ist, da es ein (Fu\u00dfballer)leben in vielen Facetten beleuchtet, sich nicht nur auf Anekdoten und Heldengeschichten beschr\u00e4nkt, sondern einen Menschen pr\u00e4sentiert, der Zweifel zulie\u00df und zul\u00e4sst, uns an dessen \u00dcberlegungen teilhaben l\u00e4sst und zudem dabei auch Werte vermittelt, welche in diesen Tagen zu h\u00e4ufig zu gut versteckt sind. Da passt es ganz gut, dass sich einige kleine faktische Fehlerchen eingeschlichen haben, dass es zuweilen etwas unstrukuriert klingt, sich die ein oder andere Episode zart wiederholt &#8211; wie im richtigen Leben halt.<\/p>\n<p style=\"text-align: justify;\">Der Abend im Museum endete mit einem kleinen \u00dcberfall. Zwar pr\u00e4sentiert das Museum kein Trikot von Alex Schur, aber immerhin dessen Schuhe, die er beim 6:3 getragen hat. Wobei er den Treffer damals ja gar nicht mit dem Fu\u00df, sondern mit dem Kopf erzielt hatte. &#8222;Eigentlich m\u00fcsst ihr ja eine Locke von mir ausstellen&#8220; meinte er. Lassts euch gesagt sein: Diese Locke haben wir jetzt. Zumindest ein paar Haare.<\/p>\n<p style=\"text-align: justify;\">Und wenn jemand sagt: Schur, das ist doch der mit dem Tor zum 6:3 gegen Reutlingen, dann wird man begegnen m\u00fcssen: Ja. Aber er ist noch viel mehr. Und vor allem ein richtig netter Kerl, dem der lausbubenhafte Schalk noch immer aus den Augen blitzt.<\/p>\n<p style=\"text-align: justify;\"><!-- default-view.php -->\n<div\n\tclass=\"ngg-galleryoverview default-view\n\t ngg-ajax-pagination-none\t\"\n\tid=\"ngg-gallery-6b3e5e0e2e6b4215b6bc1c0d135eb7d6-1\"\n\tdata-gallery-id=\"319\">\n\n\t\t<!-- Thumbnails -->\n\t\t\t\t<div id=\"ngg-image-0\" class=\"ngg-gallery-thumbnail-box\n\t\t\t\t\t\t\t\tngg-3-columns\t\t\t\"\n\t\t\t>\n\t\t\t\t\t\t<div class=\"ngg-gallery-thumbnail\">\n\t\t\t<a href=\"https:\/\/www.beveswelt.de\/wp-content\/gallery\/2016_08_schur\/01.jpg\"\n\t\t\t\ttitle=\"\"\n\t\t\t\tdata-src=\"https:\/\/www.beveswelt.de\/wp-content\/gallery\/2016_08_schur\/01.jpg\"\n\t\t\t\tdata-thumbnail=\"https:\/\/www.beveswelt.de\/wp-content\/gallery\/2016_08_schur\/thumbs\/thumbs_01.jpg\"\n\t\t\t\tdata-image-id=\"2918\"\n\t\t\t\tdata-title=\"01\"\n\t\t\t\tdata-description=\"\"\n\t\t\t\tdata-image-slug=\"01-100\"\n\t\t\t\t\t\t\t\t\t\t\t\t\t\t\t\t\t\t\t\tclass=\"ngg-fancybox\" rel=\"6b3e5e0e2e6b4215b6bc1c0d135eb7d6\">\n\t\t\t\t\t\t\t\t<img\n\t\t\t\t\ttitle=\"01\"\n\t\t\t\t\talt=\"01\"\n\t\t\t\t\tsrc=\"https:\/\/www.beveswelt.de\/wp-content\/gallery\/2016_08_schur\/thumbs\/thumbs_01.jpg\"\n\t\t\t\t\twidth=\"150\"\n\t\t\t\t\theight=\"150\"\n\t\t\t\t\tstyle=\"max-width:100%;\"\n\t\t\t\t\/>\n\t\t\t<\/a>\n\t\t<\/div>\n\t\t\t\t\t\t\t<\/div>\n\t\t\t\n\t\t\t\t<div id=\"ngg-image-1\" class=\"ngg-gallery-thumbnail-box\n\t\t\t\t\t\t\t\tngg-3-columns\t\t\t\"\n\t\t\t>\n\t\t\t\t\t\t<div class=\"ngg-gallery-thumbnail\">\n\t\t\t<a href=\"https:\/\/www.beveswelt.de\/wp-content\/gallery\/2016_08_schur\/02.jpg\"\n\t\t\t\ttitle=\"\"\n\t\t\t\tdata-src=\"https:\/\/www.beveswelt.de\/wp-content\/gallery\/2016_08_schur\/02.jpg\"\n\t\t\t\tdata-thumbnail=\"https:\/\/www.beveswelt.de\/wp-content\/gallery\/2016_08_schur\/thumbs\/thumbs_02.jpg\"\n\t\t\t\tdata-image-id=\"2919\"\n\t\t\t\tdata-title=\"02\"\n\t\t\t\tdata-description=\"\"\n\t\t\t\tdata-image-slug=\"02-10\"\n\t\t\t\t\t\t\t\t\t\t\t\t\t\t\t\t\t\t\t\tclass=\"ngg-fancybox\" rel=\"6b3e5e0e2e6b4215b6bc1c0d135eb7d6\">\n\t\t\t\t\t\t\t\t<img\n\t\t\t\t\ttitle=\"02\"\n\t\t\t\t\talt=\"02\"\n\t\t\t\t\tsrc=\"https:\/\/www.beveswelt.de\/wp-content\/gallery\/2016_08_schur\/thumbs\/thumbs_02.jpg\"\n\t\t\t\t\twidth=\"150\"\n\t\t\t\t\theight=\"150\"\n\t\t\t\t\tstyle=\"max-width:100%;\"\n\t\t\t\t\/>\n\t\t\t<\/a>\n\t\t<\/div>\n\t\t\t\t\t\t\t<\/div>\n\t\t\t\n\t\t\t\t<div id=\"ngg-image-2\" class=\"ngg-gallery-thumbnail-box\n\t\t\t\t\t\t\t\tngg-3-columns\t\t\t\"\n\t\t\t>\n\t\t\t\t\t\t<div class=\"ngg-gallery-thumbnail\">\n\t\t\t<a href=\"https:\/\/www.beveswelt.de\/wp-content\/gallery\/2016_08_schur\/03.jpg\"\n\t\t\t\ttitle=\"\"\n\t\t\t\tdata-src=\"https:\/\/www.beveswelt.de\/wp-content\/gallery\/2016_08_schur\/03.jpg\"\n\t\t\t\tdata-thumbnail=\"https:\/\/www.beveswelt.de\/wp-content\/gallery\/2016_08_schur\/thumbs\/thumbs_03.jpg\"\n\t\t\t\tdata-image-id=\"2920\"\n\t\t\t\tdata-title=\"03\"\n\t\t\t\tdata-description=\"\"\n\t\t\t\tdata-image-slug=\"03-10\"\n\t\t\t\t\t\t\t\t\t\t\t\t\t\t\t\t\t\t\t\tclass=\"ngg-fancybox\" rel=\"6b3e5e0e2e6b4215b6bc1c0d135eb7d6\">\n\t\t\t\t\t\t\t\t<img\n\t\t\t\t\ttitle=\"03\"\n\t\t\t\t\talt=\"03\"\n\t\t\t\t\tsrc=\"https:\/\/www.beveswelt.de\/wp-content\/gallery\/2016_08_schur\/thumbs\/thumbs_03.jpg\"\n\t\t\t\t\twidth=\"150\"\n\t\t\t\t\theight=\"150\"\n\t\t\t\t\tstyle=\"max-width:100%;\"\n\t\t\t\t\/>\n\t\t\t<\/a>\n\t\t<\/div>\n\t\t\t\t\t\t\t<\/div>\n\t\t\t\n\t\t\t\t<div id=\"ngg-image-3\" class=\"ngg-gallery-thumbnail-box\n\t\t\t\t\t\t\t\tngg-3-columns\t\t\t\"\n\t\t\t>\n\t\t\t\t\t\t<div class=\"ngg-gallery-thumbnail\">\n\t\t\t<a href=\"https:\/\/www.beveswelt.de\/wp-content\/gallery\/2016_08_schur\/04.jpg\"\n\t\t\t\ttitle=\"\"\n\t\t\t\tdata-src=\"https:\/\/www.beveswelt.de\/wp-content\/gallery\/2016_08_schur\/04.jpg\"\n\t\t\t\tdata-thumbnail=\"https:\/\/www.beveswelt.de\/wp-content\/gallery\/2016_08_schur\/thumbs\/thumbs_04.jpg\"\n\t\t\t\tdata-image-id=\"2921\"\n\t\t\t\tdata-title=\"04\"\n\t\t\t\tdata-description=\"\"\n\t\t\t\tdata-image-slug=\"04-10\"\n\t\t\t\t\t\t\t\t\t\t\t\t\t\t\t\t\t\t\t\tclass=\"ngg-fancybox\" rel=\"6b3e5e0e2e6b4215b6bc1c0d135eb7d6\">\n\t\t\t\t\t\t\t\t<img\n\t\t\t\t\ttitle=\"04\"\n\t\t\t\t\talt=\"04\"\n\t\t\t\t\tsrc=\"https:\/\/www.beveswelt.de\/wp-content\/gallery\/2016_08_schur\/thumbs\/thumbs_04.jpg\"\n\t\t\t\t\twidth=\"150\"\n\t\t\t\t\theight=\"150\"\n\t\t\t\t\tstyle=\"max-width:100%;\"\n\t\t\t\t\/>\n\t\t\t<\/a>\n\t\t<\/div>\n\t\t\t\t\t\t\t<\/div>\n\t\t\t\n\t\t\t\t<div id=\"ngg-image-4\" class=\"ngg-gallery-thumbnail-box\n\t\t\t\t\t\t\t\tngg-3-columns\t\t\t\"\n\t\t\t>\n\t\t\t\t\t\t<div class=\"ngg-gallery-thumbnail\">\n\t\t\t<a href=\"https:\/\/www.beveswelt.de\/wp-content\/gallery\/2016_08_schur\/05.jpg\"\n\t\t\t\ttitle=\"\"\n\t\t\t\tdata-src=\"https:\/\/www.beveswelt.de\/wp-content\/gallery\/2016_08_schur\/05.jpg\"\n\t\t\t\tdata-thumbnail=\"https:\/\/www.beveswelt.de\/wp-content\/gallery\/2016_08_schur\/thumbs\/thumbs_05.jpg\"\n\t\t\t\tdata-image-id=\"2922\"\n\t\t\t\tdata-title=\"05\"\n\t\t\t\tdata-description=\"\"\n\t\t\t\tdata-image-slug=\"05-10\"\n\t\t\t\t\t\t\t\t\t\t\t\t\t\t\t\t\t\t\t\tclass=\"ngg-fancybox\" rel=\"6b3e5e0e2e6b4215b6bc1c0d135eb7d6\">\n\t\t\t\t\t\t\t\t<img\n\t\t\t\t\ttitle=\"05\"\n\t\t\t\t\talt=\"05\"\n\t\t\t\t\tsrc=\"https:\/\/www.beveswelt.de\/wp-content\/gallery\/2016_08_schur\/thumbs\/thumbs_05.jpg\"\n\t\t\t\t\twidth=\"150\"\n\t\t\t\t\theight=\"150\"\n\t\t\t\t\tstyle=\"max-width:100%;\"\n\t\t\t\t\/>\n\t\t\t<\/a>\n\t\t<\/div>\n\t\t\t\t\t\t\t<\/div>\n\t\t\t\n\t\t\t\t<div id=\"ngg-image-5\" class=\"ngg-gallery-thumbnail-box\n\t\t\t\t\t\t\t\tngg-3-columns\t\t\t\"\n\t\t\t>\n\t\t\t\t\t\t<div class=\"ngg-gallery-thumbnail\">\n\t\t\t<a href=\"https:\/\/www.beveswelt.de\/wp-content\/gallery\/2016_08_schur\/06.jpg\"\n\t\t\t\ttitle=\"\"\n\t\t\t\tdata-src=\"https:\/\/www.beveswelt.de\/wp-content\/gallery\/2016_08_schur\/06.jpg\"\n\t\t\t\tdata-thumbnail=\"https:\/\/www.beveswelt.de\/wp-content\/gallery\/2016_08_schur\/thumbs\/thumbs_06.jpg\"\n\t\t\t\tdata-image-id=\"2923\"\n\t\t\t\tdata-title=\"06\"\n\t\t\t\tdata-description=\"\"\n\t\t\t\tdata-image-slug=\"06-10\"\n\t\t\t\t\t\t\t\t\t\t\t\t\t\t\t\t\t\t\t\tclass=\"ngg-fancybox\" rel=\"6b3e5e0e2e6b4215b6bc1c0d135eb7d6\">\n\t\t\t\t\t\t\t\t<img\n\t\t\t\t\ttitle=\"06\"\n\t\t\t\t\talt=\"06\"\n\t\t\t\t\tsrc=\"https:\/\/www.beveswelt.de\/wp-content\/gallery\/2016_08_schur\/thumbs\/thumbs_06.jpg\"\n\t\t\t\t\twidth=\"150\"\n\t\t\t\t\theight=\"150\"\n\t\t\t\t\tstyle=\"max-width:100%;\"\n\t\t\t\t\/>\n\t\t\t<\/a>\n\t\t<\/div>\n\t\t\t\t\t\t\t<\/div>\n\t\t\t\n\t\t\t\t<div id=\"ngg-image-6\" class=\"ngg-gallery-thumbnail-box\n\t\t\t\t\t\t\t\tngg-3-columns\t\t\t\"\n\t\t\t>\n\t\t\t\t\t\t<div class=\"ngg-gallery-thumbnail\">\n\t\t\t<a href=\"https:\/\/www.beveswelt.de\/wp-content\/gallery\/2016_08_schur\/07.jpg\"\n\t\t\t\ttitle=\"\"\n\t\t\t\tdata-src=\"https:\/\/www.beveswelt.de\/wp-content\/gallery\/2016_08_schur\/07.jpg\"\n\t\t\t\tdata-thumbnail=\"https:\/\/www.beveswelt.de\/wp-content\/gallery\/2016_08_schur\/thumbs\/thumbs_07.jpg\"\n\t\t\t\tdata-image-id=\"2924\"\n\t\t\t\tdata-title=\"07\"\n\t\t\t\tdata-description=\"\"\n\t\t\t\tdata-image-slug=\"07-10\"\n\t\t\t\t\t\t\t\t\t\t\t\t\t\t\t\t\t\t\t\tclass=\"ngg-fancybox\" rel=\"6b3e5e0e2e6b4215b6bc1c0d135eb7d6\">\n\t\t\t\t\t\t\t\t<img\n\t\t\t\t\ttitle=\"07\"\n\t\t\t\t\talt=\"07\"\n\t\t\t\t\tsrc=\"https:\/\/www.beveswelt.de\/wp-content\/gallery\/2016_08_schur\/thumbs\/thumbs_07.jpg\"\n\t\t\t\t\twidth=\"150\"\n\t\t\t\t\theight=\"150\"\n\t\t\t\t\tstyle=\"max-width:100%;\"\n\t\t\t\t\/>\n\t\t\t<\/a>\n\t\t<\/div>\n\t\t\t\t\t\t\t<\/div>\n\t\t\t\n\t\t\t\t<div id=\"ngg-image-7\" class=\"ngg-gallery-thumbnail-box\n\t\t\t\t\t\t\t\tngg-3-columns\t\t\t\"\n\t\t\t>\n\t\t\t\t\t\t<div class=\"ngg-gallery-thumbnail\">\n\t\t\t<a href=\"https:\/\/www.beveswelt.de\/wp-content\/gallery\/2016_08_schur\/08.jpg\"\n\t\t\t\ttitle=\"\"\n\t\t\t\tdata-src=\"https:\/\/www.beveswelt.de\/wp-content\/gallery\/2016_08_schur\/08.jpg\"\n\t\t\t\tdata-thumbnail=\"https:\/\/www.beveswelt.de\/wp-content\/gallery\/2016_08_schur\/thumbs\/thumbs_08.jpg\"\n\t\t\t\tdata-image-id=\"2925\"\n\t\t\t\tdata-title=\"08\"\n\t\t\t\tdata-description=\"\"\n\t\t\t\tdata-image-slug=\"08-10\"\n\t\t\t\t\t\t\t\t\t\t\t\t\t\t\t\t\t\t\t\tclass=\"ngg-fancybox\" rel=\"6b3e5e0e2e6b4215b6bc1c0d135eb7d6\">\n\t\t\t\t\t\t\t\t<img\n\t\t\t\t\ttitle=\"08\"\n\t\t\t\t\talt=\"08\"\n\t\t\t\t\tsrc=\"https:\/\/www.beveswelt.de\/wp-content\/gallery\/2016_08_schur\/thumbs\/thumbs_08.jpg\"\n\t\t\t\t\twidth=\"150\"\n\t\t\t\t\theight=\"150\"\n\t\t\t\t\tstyle=\"max-width:100%;\"\n\t\t\t\t\/>\n\t\t\t<\/a>\n\t\t<\/div>\n\t\t\t\t\t\t\t<\/div>\n\t\t\t\n\t\t\t\t<div id=\"ngg-image-8\" class=\"ngg-gallery-thumbnail-box\n\t\t\t\t\t\t\t\tngg-3-columns\t\t\t\"\n\t\t\t>\n\t\t\t\t\t\t<div class=\"ngg-gallery-thumbnail\">\n\t\t\t<a href=\"https:\/\/www.beveswelt.de\/wp-content\/gallery\/2016_08_schur\/09.jpg\"\n\t\t\t\ttitle=\"\"\n\t\t\t\tdata-src=\"https:\/\/www.beveswelt.de\/wp-content\/gallery\/2016_08_schur\/09.jpg\"\n\t\t\t\tdata-thumbnail=\"https:\/\/www.beveswelt.de\/wp-content\/gallery\/2016_08_schur\/thumbs\/thumbs_09.jpg\"\n\t\t\t\tdata-image-id=\"2926\"\n\t\t\t\tdata-title=\"09\"\n\t\t\t\tdata-description=\"\"\n\t\t\t\tdata-image-slug=\"09-10\"\n\t\t\t\t\t\t\t\t\t\t\t\t\t\t\t\t\t\t\t\tclass=\"ngg-fancybox\" rel=\"6b3e5e0e2e6b4215b6bc1c0d135eb7d6\">\n\t\t\t\t\t\t\t\t<img\n\t\t\t\t\ttitle=\"09\"\n\t\t\t\t\talt=\"09\"\n\t\t\t\t\tsrc=\"https:\/\/www.beveswelt.de\/wp-content\/gallery\/2016_08_schur\/thumbs\/thumbs_09.jpg\"\n\t\t\t\t\twidth=\"150\"\n\t\t\t\t\theight=\"150\"\n\t\t\t\t\tstyle=\"max-width:100%;\"\n\t\t\t\t\/>\n\t\t\t<\/a>\n\t\t<\/div>\n\t\t\t\t\t\t\t<\/div>\n\t\t\t\n\t\n\t<br style=\"clear: both\" \/>\n\n\t\n\t\t<div class=\"ngg-clear\"><\/div>\n\t<\/div>\n<\/p>\n<p style=\"text-align: justify;\">\n<p>&nbsp;<\/p>\n","protected":false},"excerpt":{"rendered":"<p>Wie kaum ein anderer, sehen wir einmal von Uwe Bindewald und Oka Nikolov ab, steht der Name von Alex Schur f\u00fcr eine \u00c4ra der Eintracht, die nach dem erstmaligen Abstieg aus der Bundesliga 1996 begann. Aus der strahlenden Diva von einst, die mit Grabowski oder H\u00f6lzenbein und sp\u00e4ter mit Uwe Bein oder Tony Yeboah die [&hellip;]<\/p>\n","protected":false},"author":2,"featured_media":11556,"comment_status":"open","ping_status":"open","sticky":false,"template":"","format":"standard","meta":{"ngg_post_thumbnail":0,"footnotes":""},"categories":[9],"tags":[2003,924,39,1823,109,2000,2001,2002],"class_list":["post-11555","post","type-post","status-publish","format-standard","has-post-thumbnail","hentry","category-eintracht-frankfurt","tag-2003","tag-alex-schur","tag-bockenheim","tag-eintracht-frankfurt","tag-eintracht-frankfurt-museum","tag-oliver-zils","tag-rene-heinen","tag-reutlingen","post-preview"],"_links":{"self":[{"href":"https:\/\/www.beveswelt.de\/index.php?rest_route=\/wp\/v2\/posts\/11555","targetHints":{"allow":["GET"]}}],"collection":[{"href":"https:\/\/www.beveswelt.de\/index.php?rest_route=\/wp\/v2\/posts"}],"about":[{"href":"https:\/\/www.beveswelt.de\/index.php?rest_route=\/wp\/v2\/types\/post"}],"author":[{"embeddable":true,"href":"https:\/\/www.beveswelt.de\/index.php?rest_route=\/wp\/v2\/users\/2"}],"replies":[{"embeddable":true,"href":"https:\/\/www.beveswelt.de\/index.php?rest_route=%2Fwp%2Fv2%2Fcomments&post=11555"}],"version-history":[{"count":3,"href":"https:\/\/www.beveswelt.de\/index.php?rest_route=\/wp\/v2\/posts\/11555\/revisions"}],"predecessor-version":[{"id":11580,"href":"https:\/\/www.beveswelt.de\/index.php?rest_route=\/wp\/v2\/posts\/11555\/revisions\/11580"}],"wp:featuredmedia":[{"embeddable":true,"href":"https:\/\/www.beveswelt.de\/index.php?rest_route=\/wp\/v2\/media\/11556"}],"wp:attachment":[{"href":"https:\/\/www.beveswelt.de\/index.php?rest_route=%2Fwp%2Fv2%2Fmedia&parent=11555"}],"wp:term":[{"taxonomy":"category","embeddable":true,"href":"https:\/\/www.beveswelt.de\/index.php?rest_route=%2Fwp%2Fv2%2Fcategories&post=11555"},{"taxonomy":"post_tag","embeddable":true,"href":"https:\/\/www.beveswelt.de\/index.php?rest_route=%2Fwp%2Fv2%2Ftags&post=11555"}],"curies":[{"name":"wp","href":"https:\/\/api.w.org\/{rel}","templated":true}]}}