{"id":11341,"date":"2016-04-27T10:18:48","date_gmt":"2016-04-27T08:18:48","guid":{"rendered":"http:\/\/www.beveswelt.de\/?p=11341"},"modified":"2016-04-27T10:18:48","modified_gmt":"2016-04-27T08:18:48","slug":"28-april-2016-tza-10-jahre-pokalfinale-2006-gaeste-ioannis-amanatidis-christoph-preuss-andreas-geremia","status":"publish","type":"post","link":"https:\/\/www.beveswelt.de\/?p=11341","title":{"rendered":"28. April 2016: TzA \u201e10 Jahre Pokalfinale 2006\u201c  G\u00e4ste: Ioannis Amanatidis, Christoph Preu\u00df, Andreas Geremia"},"content":{"rendered":"<p style=\"text-align: justify;\"><strong>Genau zehn Jahre ist es her, dass die Eintracht im DFB-Pokal-Finale gegen den FC Bayern M\u00fcnchen stand. Zwar wurde durch das 0:1 der Nimbus der Unbesiegbarkeit in wei\u00dfen Trikots besch\u00e4digt, trotzdem pr\u00e4sentierten sich die Eintracht und ihre Fans auf beeindruckende Weise. Und bis heute denken die Fans gerne an die tolle Pokal-Saison 2005\/06. <\/strong><\/p>\n<p style=\"text-align: justify;\"><!--more--><\/p>\n<p style=\"text-align: justify;\">Erinnern Sie sich noch an das erste Pokalspiel der Saison? Bei Rot-Wei\u00df Oberhausen siegte die Eintracht am 19. August 2005 mit 2:1. Eine Runde sp\u00e4ter folgte der legend\u00e4re 6:0-Sieg gegen Schalke 04. \u00dcber die Stationen 1. FC N\u00fcrnberg und TSV 1860 M\u00fcnchen qualifizierte sich die Truppe von Friedhelm Funkel f\u00fcr das Halbfinale gegen Arminia Bielefeld. Unvergessen ist der Abend des 11. April 2006, als Ioannis Amanatidis mit seinem Siegtreffer gegen Arminia Bielefeld den Finaleinzug sicherstellte.<\/p>\n<p style=\"text-align: justify;\">Der Tag von Berlin war dann f\u00fcr alle Eintrachtler ein unvergessliches Erlebnis. Die gro\u00dfartige Choreographie der Eintrachtfans, die beeindruckende Atmosph\u00e4re und das tolle Spiel der Eintracht waren Balsam f\u00fcr das Selbstbewusstsein aller Eintrachtler, auch wenn das Finale gegen die Bayern ungl\u00fccklich verloren wurde.\u00a0 &#8222;&#8230; Was den Frankfurtern blieb, war ein Sieg nach allen Regeln der Kunst. Beeindruckend die Ch\u00f6re, mit denen sie die maulfaulen Anh\u00e4nger der M\u00fcnchner Bayern \u00fcberstimmten, herrlich die Bilder, die sie auf den R\u00e4ngen choreographiert hatten \u2013 und diese Dichtkunst erst! \u201eZur\u00fcck im glorreichen Schein, erscheint unsre Diva vom Main\u201c hatten die Anh\u00e4nger der Eintracht auf ein Transparent gemalt. Ergebnis einer unwahrscheinlichen Wiederauferstehung, f\u00fcr die das Pokalfinale 2006 Sinnbild bleiben wird\u201c, bilanzierte die \u201eS\u00fcddeutsche Zeitung\u201c nach dem Finale.<\/p>\n<p style=\"text-align: justify;\">Zehn Jahre nach dem Pokalfinale freuen wir uns, im Eintracht Frankfurt Museum an den 28. April 2006 erinnern zu d\u00fcrfen. Mit Ioannis Amanatidis begr\u00fc\u00dfen wir das Gesicht der Eintracht-Mannschaft von Berlin, dessen tollen Schuss Oliver Kahn kurz vor Schluss leider parieren konnte. Christoph Preu\u00df erlebte die ersten Spiele der Saison auf dem Platz, musste dann aber ab dem Halbfinale verletzungsbedingt von der Trib\u00fcne aus mitzittern. Und Andreas \u201eGerre\u201c Geremia begleitete die Anh\u00e4nger im Olympiastadion musikalisch. Der Auftritt der Frankfurter Trash-Metal-Band Tankard im Vorprogramm des Spiels ist l\u00e4ngst legend\u00e4r. Durch den Abend f\u00fchren wird selbstverst\u00e4ndlich wieder unser Moderator Axel \u201eBeve\u201c Hoffmann.<\/p>\n<p style=\"text-align: justify;\">Start: 28. April 2016, 19.30 Uhr im Eintracht Frankfurt Museum.<\/p>\n<p style=\"text-align: justify;\">Eintritt: 5,00 Euro, erm. 3,50 Euro. Mitglieder der Fan- und F\u00f6rderabteilung, der Fu\u00dfballabteilung und des F\u00f6rdervereins Museum haben freien Eintritt.<\/p>\n","protected":false},"excerpt":{"rendered":"<p>Genau zehn Jahre ist es her, dass die Eintracht im DFB-Pokal-Finale gegen den FC Bayern M\u00fcnchen stand. Zwar wurde durch das 0:1 der Nimbus der Unbesiegbarkeit in wei\u00dfen Trikots besch\u00e4digt, trotzdem pr\u00e4sentierten sich die Eintracht und ihre Fans auf beeindruckende Weise. Und bis heute denken die Fans gerne an die tolle Pokal-Saison 2005\/06.<\/p>\n","protected":false},"author":2,"featured_media":11342,"comment_status":"open","ping_status":"open","sticky":false,"template":"","format":"standard","meta":{"ngg_post_thumbnail":0,"footnotes":""},"categories":[9],"tags":[1982,1043,1868,61,1223,1823,1983,249,653],"class_list":["post-11341","post","type-post","status-publish","format-standard","has-post-thumbnail","hentry","category-eintracht-frankfurt","tag-1982","tag-bayern-munchen","tag-berlin","tag-christoph-preus","tag-dfb-pokal","tag-eintracht-frankfurt","tag-gerre","tag-ioannis-amanatidis","tag-tza","post-preview"],"_links":{"self":[{"href":"https:\/\/www.beveswelt.de\/index.php?rest_route=\/wp\/v2\/posts\/11341","targetHints":{"allow":["GET"]}}],"collection":[{"href":"https:\/\/www.beveswelt.de\/index.php?rest_route=\/wp\/v2\/posts"}],"about":[{"href":"https:\/\/www.beveswelt.de\/index.php?rest_route=\/wp\/v2\/types\/post"}],"author":[{"embeddable":true,"href":"https:\/\/www.beveswelt.de\/index.php?rest_route=\/wp\/v2\/users\/2"}],"replies":[{"embeddable":true,"href":"https:\/\/www.beveswelt.de\/index.php?rest_route=%2Fwp%2Fv2%2Fcomments&post=11341"}],"version-history":[{"count":1,"href":"https:\/\/www.beveswelt.de\/index.php?rest_route=\/wp\/v2\/posts\/11341\/revisions"}],"predecessor-version":[{"id":11343,"href":"https:\/\/www.beveswelt.de\/index.php?rest_route=\/wp\/v2\/posts\/11341\/revisions\/11343"}],"wp:featuredmedia":[{"embeddable":true,"href":"https:\/\/www.beveswelt.de\/index.php?rest_route=\/wp\/v2\/media\/11342"}],"wp:attachment":[{"href":"https:\/\/www.beveswelt.de\/index.php?rest_route=%2Fwp%2Fv2%2Fmedia&parent=11341"}],"wp:term":[{"taxonomy":"category","embeddable":true,"href":"https:\/\/www.beveswelt.de\/index.php?rest_route=%2Fwp%2Fv2%2Fcategories&post=11341"},{"taxonomy":"post_tag","embeddable":true,"href":"https:\/\/www.beveswelt.de\/index.php?rest_route=%2Fwp%2Fv2%2Ftags&post=11341"}],"curies":[{"name":"wp","href":"https:\/\/api.w.org\/{rel}","templated":true}]}}