{"id":11284,"date":"2016-02-22T10:18:52","date_gmt":"2016-02-22T09:18:52","guid":{"rendered":"http:\/\/www.beveswelt.de\/?p=11284"},"modified":"2016-02-22T10:18:52","modified_gmt":"2016-02-22T09:18:52","slug":"unser-land","status":"publish","type":"post","link":"https:\/\/www.beveswelt.de\/?p=11284","title":{"rendered":"Unser Land"},"content":{"rendered":"<p style=\"text-align: justify;\">Das ist unser Land, unser Land<br \/>\ndoch es geh\u00f6rt nicht dir und mir<br \/>\ndenn dieses unser Land<br \/>\nist fest in andrer Hand<br \/>\nund au\u00dfen vor<br \/>\nda stehen wir!<\/p>\n<p style=\"text-align: justify;\">&#8230;.<\/p>\n<p style=\"text-align: justify;\"><!--more--><\/p>\n<p style=\"text-align: justify;\">&#8230; sang <a href=\"https:\/\/www.youtube.com\/watch?v=KgqT-4wr-18\" target=\"_blank\">Hans Hartz<\/a> vor Jahrzehnten. Und er sang nicht von Asylsuchenden, von Fl\u00fcchtlingen und auch nicht von Ostdeutschland. Das war damals Teil der DDR, Ausland, Zone. Er sang von<a href=\"http:\/\/www.songtexte.com\/songtext\/hans-hartz\/unser-land-6385d6b3.html\" target=\"_blank\"> solchen Leuten, von Haien und Maklern, und wie sie alle hei\u00dfen. Die mit Samsonite ins Ausland gehen, vorm Bankfach stehen &#8211; oh wie sch\u00f6n ist es zu reisen. <\/a>Da waren die wei\u00dfen Tauben schon m\u00fcde. Hans Hartz ist schon lange verstorben, unser Land geh\u00f6rt uns immer noch nicht &#8211; auch wenn ich mein Leben lang nie von meinem Land gesprochen habe. Die Botschaft war klar: Hier die Multis und mafi\u00f6sen &#8211; dort die anderen, die Ausgebooteten, Besitzlosen, der kleine Mann, die kleine Frau, das allt\u00e4gliche Unbehagen gepaart mit der Wohnzimmermitmenschlichkeit der Schwachen.<\/p>\n<p style=\"text-align: justify;\">Wie konnte es damals so weit kommen? So fragten wir uns. Dieses <em>Damals<\/em>, das war Hitlerdeutschland, Auschwitz, totale Vernichtung. Wir begriffen die Antwort abstrakt, so richtig begreifen konnten wir es nicht, trotz der Tatsache, dass etliche der einstigen T\u00e4ter schon lange wieder in Amt und W\u00fcrden waren, trotz des Wissens, dass sich die Justiz lange mehr als schwer mit der Bestrafung getan hat. Rechts von der CDU war ein ungehobeltes Niemandsland, wer dort spielte hatte trotz gelegentlich kollektivem Aufflattern seltsamer Haltung seinen Anspruch auf Respekt oder W\u00fcrde verwirkt. Es waren die Alten, die Ewiggestrigen und eine Handvoll Verwirrte.<\/p>\n<p style=\"text-align: justify;\">Ausl\u00e4nderfeindlichkeit aber gab es schon immer, und weil die Juden gerade ausgegangen waren, so standen die Gastarbeiter im Fokus, erst Italiener, dann die T\u00fcrken, Spaghettifresser, Knoblauchfresser, machen wir uns nichts vor, auch und gerade in der Bundesrepublik. Du kommst hier nicht rein &#8211; Standard in Diskotheken. Religion spielte kaum eine Rolle, es war die Fremdheit, wobei der Italiener sp\u00e4testens seit die T\u00fcrken kamen immer mehr einer von uns wurde. Er kocht ja auch gut.<\/p>\n<p style=\"text-align: justify;\">Als die DDR wie der gesamte Osten wankte und die Leute auf die Stra\u00dfen gingen, hie\u00df es: <em>Wir sind das Volk<\/em>. Klare Ansage: Wir lassen euch von Oben nicht vorschreiben, was wir zu tun und zu lassen haben. Okay, aus <em>Wir sind das Volk<\/em> wurde dann <em>Wir sind ein Volk<\/em> &#8211; auf den Ruf nach Freiheit folgte der Ruf nach Bananen. Heute rufen sie wieder: <em>Wir sind das Volk. <\/em>Und meinen damit Wir &#8211; und nicht der Neger.<\/p>\n<p style=\"text-align: justify;\">Es ist ja auch schwer, den ganzen Dschungel von Politik und Wirtschaft, von Verteilung der Gelder und Vetternwirtschaft, von Export und Ausbeutung zu durchdringen, zu hinterfragen, dieses Beziehungsgeflecht derer, die Armut durch Hartz4 zementieren und Reichtum durch Steuergesetz und Subvention f\u00f6rdern. <em>L\u00fcgenpresse<\/em> rufen sie mit Schaum vor dem Mund. <em>L\u00fcgenpresse<\/em>. Nat\u00fcrlich L\u00fcgenpresse. Die BILD war niemals etwas anderes &#8211; doch es geht nicht mehr darum, dass die M\u00e4chtigen und ihre Machenschaften auch f\u00fcr seri\u00f6se Journalisten nicht bis schwer zu Durchdringen sind, dass sie von m\u00e4chtigen Medienagenturen und Pressesprecher mit Unwahrheiten gef\u00fcttert werden, dass f\u00fcr vern\u00fcnftige Recherche weder Zeit noch Geld vorhanden ist. Wenn sie heute L\u00fcgenpresse rufen, meinen sie schlicht: Schandtaten der Neger werden nicht benannt. Ich m\u00f6chte da nicht mitrufen.<\/p>\n<p style=\"text-align: justify;\">Die Ereignisse des vergangenen Wochenendes, Clausnitz, Bautzen, der Auftritt und vor allem die Rechtfertigung der Polizei sind weitere negative H\u00f6hepunkte eines Prozesses, der nicht mehr beunruhigt. Seit l\u00e4ngerem liefert der geistige Hintergrund und das wirkliche Verhalten des vermeintlichen Volkes klare Antworten, wie es <em>damals<\/em> soweit kommen konnte. Wenn einhundert Arschl\u00f6cher einen Fl\u00fcchtlingsbus blockieren, wenn der Leiter des Fl\u00fcchtlingheimes Mitglied in der Arschlochpartei ist, dessen Bruder die Arschl\u00f6cher koordiniert und der Polizeipr\u00e4sident nicht die Arschl\u00f6cher sanktioniert, sondern die Opfer und der Innenminister diesem Recht gibt, dann wei\u00dft du Bescheid. Wenn nach Ank\u00fcndigung in Bautzen ein Fl\u00fcchtlingsheim brennt, feixende Arschl\u00f6cher davor, Feuerwehren am L\u00f6schen behindert werden, dann wei\u00dft du Bescheid. Da reichen keine Lichterketten mehr, keine digitale Emp\u00f6rung. Doch was tun?<\/p>\n<p style=\"text-align: justify;\">Dazu passt dann irgendwie auch, dass aufgrund meiner Reise nach Auschwitz und dem damit verbundenen digitalem Verhalten mir von TripAdvisor eine personalisierte Werbung pr\u00e4sentiert wird, die zynischer nicht sein kann. Ich wei\u00df, systembedingt. Keiner hat Verantwortung. Ist halt so.<\/p>\n<p style=\"text-align: justify;\"><em>W\u00e4hlen sie nicht einfach eine beliebige Unterkunft in Oswiecim (Auschwitz). Schauen sie sich die Meinungen der Reisenden an.<\/em> Ich sehe ein Foto des Einganges zum Vernichtungslager in Auschwitz-Birkenau. Text: <em>Das Top-Hotel in Oswiecim?<\/em><\/p>\n<p style=\"text-align: justify;\"><a href=\"http:\/\/www.beveswelt.de\/wp-content\/uploads\/2016\/02\/os.jpg\" rel=\"attachment wp-att-11285\"><img decoding=\"async\" class=\"aligncenter size-full wp-image-11285\" src=\"http:\/\/www.beveswelt.de\/wp-content\/uploads\/2016\/02\/os.jpg\" alt=\"os\" width=\"388\" height=\"298\" srcset=\"https:\/\/www.beveswelt.de\/wp-content\/uploads\/2016\/02\/os.jpg 388w, https:\/\/www.beveswelt.de\/wp-content\/uploads\/2016\/02\/os-300x230.jpg 300w\" sizes=\"(max-width: 388px) 100vw, 388px\" \/><\/a>Nein. Die Seite gef\u00e4llt mir nicht. Ganz und gar nicht.<\/p>\n<p style=\"text-align: justify;\">\n","protected":false},"excerpt":{"rendered":"<p>Das ist unser Land, unser Land doch es geh\u00f6rt nicht dir und mir denn dieses unser Land ist fest in andrer Hand und au\u00dfen vor da stehen wir! &#8230;.<\/p>\n","protected":false},"author":2,"featured_media":11286,"comment_status":"open","ping_status":"open","sticky":false,"template":"","format":"standard","meta":{"ngg_post_thumbnail":0,"footnotes":""},"categories":[12],"tags":[1974,1672,1977,1976,1975],"class_list":["post-11284","post","type-post","status-publish","format-standard","has-post-thumbnail","hentry","category-wortwelt","tag-arschloecher","tag-auschwitz","tag-bautzen","tag-clausnitz","tag-hans-hartz","post-preview"],"_links":{"self":[{"href":"https:\/\/www.beveswelt.de\/index.php?rest_route=\/wp\/v2\/posts\/11284","targetHints":{"allow":["GET"]}}],"collection":[{"href":"https:\/\/www.beveswelt.de\/index.php?rest_route=\/wp\/v2\/posts"}],"about":[{"href":"https:\/\/www.beveswelt.de\/index.php?rest_route=\/wp\/v2\/types\/post"}],"author":[{"embeddable":true,"href":"https:\/\/www.beveswelt.de\/index.php?rest_route=\/wp\/v2\/users\/2"}],"replies":[{"embeddable":true,"href":"https:\/\/www.beveswelt.de\/index.php?rest_route=%2Fwp%2Fv2%2Fcomments&post=11284"}],"version-history":[{"count":3,"href":"https:\/\/www.beveswelt.de\/index.php?rest_route=\/wp\/v2\/posts\/11284\/revisions"}],"predecessor-version":[{"id":11289,"href":"https:\/\/www.beveswelt.de\/index.php?rest_route=\/wp\/v2\/posts\/11284\/revisions\/11289"}],"wp:featuredmedia":[{"embeddable":true,"href":"https:\/\/www.beveswelt.de\/index.php?rest_route=\/wp\/v2\/media\/11286"}],"wp:attachment":[{"href":"https:\/\/www.beveswelt.de\/index.php?rest_route=%2Fwp%2Fv2%2Fmedia&parent=11284"}],"wp:term":[{"taxonomy":"category","embeddable":true,"href":"https:\/\/www.beveswelt.de\/index.php?rest_route=%2Fwp%2Fv2%2Fcategories&post=11284"},{"taxonomy":"post_tag","embeddable":true,"href":"https:\/\/www.beveswelt.de\/index.php?rest_route=%2Fwp%2Fv2%2Ftags&post=11284"}],"curies":[{"name":"wp","href":"https:\/\/api.w.org\/{rel}","templated":true}]}}