{"id":11004,"date":"2016-01-31T11:39:20","date_gmt":"2016-01-31T10:39:20","guid":{"rendered":"http:\/\/www.beveswelt.de\/?p=11004"},"modified":"2016-01-31T11:53:58","modified_gmt":"2016-01-31T10:53:58","slug":"liga-terezin","status":"publish","type":"post","link":"https:\/\/www.beveswelt.de\/?p=11004","title":{"rendered":"Liga Terezin"},"content":{"rendered":"<p style=\"text-align: justify;\">Stand schon die Waldtrib\u00fcne vor dem Spiel gegen Wolfsburg im Zeichen des Erinnerungstages anl\u00e4sslich der Befreiung des Konzentrationslagers Auschwitz vor 71 Jahren, so beteiligte sich das Eintracht Frankfurt Museum auch an der Pr\u00e4sentation des Filmes &#8222;Liga Terezin&#8220; in der J\u00fcdischen Gemeinde.<\/p>\n<p style=\"text-align: justify;\"><!--more--><\/p>\n<p style=\"text-align: justify;\">Auf der Waldtrib\u00fcne stellte Peter Dippold sein Buch &#8222;<a href=\"http:\/\/www.amazon.de\/Frankfurt-Lindenstrasse-Fu%C3%9Fballspieler-gelben-Stern\/dp\/394490804X\" target=\"_blank\">Lindenstra\u00dfe<\/a>&#8220; vor. Hierbei geht es mitnichten um die langj\u00e4hrige Fernsehserie, sondern um eine Stra\u00dfe in Frankfurt\/M. Genauer gesagt, war die Lindenstra\u00dfe lange Jahre der Wohnort von Paul Wegener, einem Jungen, der in der Weimarer Republik aufwuchs. Paul Wegener ist die fiktive Hauptfigur des Romans &#8222;Lindenstra\u00dfe&#8220;, angelehnt an den letzten bekannten j\u00fcdische Fu\u00dfballer in Reihen von Eintracht Frankfurt w\u00e4hrend der NS-Diktatur, Julius, genannt Jule, Lehmann, dessen Spur sich Ende der drei\u00dfiger Jahre verliert und der allen Anzeichen nach von den Nazis in Polen ermordet wurde.<\/p>\n<p style=\"text-align: justify;\">Paul tr\u00e4umt davon, bei der Eintracht zu spielen, eine Begegnung mit dem damaligen realen Eintrachtspieler Walter Dietrich bringt ihm diesen Traum n\u00e4her. Gemeinsam mit seinem besten Kumpel Gerd kommen sie am Riederwald unter und durchleben die Jugendjahre &#8211; bis Paul nach der Macht\u00fcbernahme der Nazis als letzter Jude die Eintracht verlassen muss &#8211; wobei Paul noch nicht einmal Jude ist; sein Vater aber war es, bis dieser zur Hochzeit zum katholischen Glauben konvertierte.<\/p>\n<p style=\"text-align: justify;\">Paul verl\u00e4sst nicht nur die Eintracht, er verl\u00e4sst auch Deutschland &#8211; bis er schlie\u00dflich im <a href=\"https:\/\/de.wikipedia.org\/wiki\/Ghetto_Theresienstadt\" target=\"_blank\">Ghetto Theresienstadt<\/a> landet &#8211; und dort erneut Fu\u00dfball spielt. Nunmehr geht es nicht nur um Punkte, es geht um ein Leben, um viele Leben. Denn wer Theresienstadt \u00fcberlebte und verlassen konnte, gelangte nicht in die Freiheit, es war eine Reise in den sicheren Tod in die Vernichtungslager.<\/p>\n<p style=\"text-align: justify;\">Umso erstaunlicher ist es, dass Fu\u00dfball im Lager eine Rolle spielte, es gab sogar eine eigene Liga, die <a href=\"http:\/\/www.fr-online.de\/panorama\/-liga-terezin--das-falsche-spiel,1472782,33581712.html\" target=\"_blank\">Liga Terezin<\/a> &#8211; und es gibt <a href=\"https:\/\/de.wikipedia.org\/wiki\/Theresienstadt_%28Film%29\" target=\"_blank\">Filmaufnahmen <\/a>davon. Die Nazis wollten die Inszenierung des Fu\u00dfballs zu Propagandazwecken nutzen, ebenso wie Aufnahmen von kulturellen Ereignissen wie Konzerten dazu dienen sollten, einen vermeintlich normalen Alltag vorzugauklen. Einen normalen Alltag jedoch gab es ebensowenig wie eine \u00f6ffentliche Auff\u00fchrung des Filmes, der 1944 unter der erzwungenen Regie von <a href=\"https:\/\/de.wikipedia.org\/wiki\/Kurt_Gerron\" target=\"_blank\">Kurt Gerron<\/a> produziert wurde. Gerron, j\u00fcdischer H\u00e4ftling, \u00fcberlebte die Produktion wie auch die allermeisten Protagonisten nur um wenige Wochen, er wurde in Auschwitz ermordet.<\/p>\n<p style=\"text-align: justify;\">Seit Kriegsende gelten die meisten Szenen des Filmes als verschollen. Der Israeli Oded Breda erkannte Jahrzehnte sp\u00e4ter auf einem Foto seinen Onkel Pavel fu\u00dfballspielend in Theresienstadt &#8211; und begab sich auf Recherchereise. Odeds Vater Moshe, der Bruder Pavels, konnte 1939 nach Pal\u00e4stina fliehen &#8211; schwieg aber all die Jahre \u00fcber die bedr\u00fcckenden Erinnerungen. Odeds Spurensuche m\u00fcndete in dem Film <a href=\"http:\/\/www.ligaterezin.com\/\" target=\"_blank\">Liga Terezin<\/a>, den er gemeinsam mit den Filmemachern Mike Schwartz und Avi Kanner realisierte. In diesem Film sehen wir nicht nur Originalaufnahmen aus dem Lager, Bilder von vermeintlich unbeschwerten Fu\u00dfballern im Kampf um Tore vor tausenden Zuschauern im Kasernenhof, wir sehen Konzertaufnahmen und wir sehen einen vermeintlichen allzunormalen Alltag, eine Inszenierung der Harmlosigkeit inmitten des Grauens. Von \u00fcber 140.000 Menschen, die in Theresienstadt inhaftiert waren \u00fcberlebten nur knapp 17.000 Menschen den Krieg. Im Lager selbst starben \u00fcber 33.000.<\/p>\n<p style=\"text-align: justify;\">Zwischen die Originalaufnahmen montierten die Filmemacher Interviews mit Zeitzeugen wie Peter Erben &#8211; den letzten lebenden Fu\u00dfballer von einst. Wir sehen Bilder von Oded Breda im Kasernenhof, der mit den Worten &#8222;Das ist f\u00fcr dich&#8220; einsam einen Ball f\u00fcr seinen Onkel in die Luft schie\u00dft, der mit schwerem Hall zu Boden f\u00e4llt.<\/p>\n<p style=\"text-align: justify;\">Es f\u00e4llt schwer, alles in angemessene Worte zu packen, auch die antisemitischen Tiraden w\u00e4hrend eines Fu\u00dfballspiels der heutigen Zeit, die auch gezeigt werden. Die Vorstellung, dass j\u00fcdische H\u00e4ftlinge gezwungen wurden, an einem Film mitzuwirken, der zynisch einen grauenhaften Alltag verkl\u00e4rt, wobei gleichzeitig das reale Fu\u00dfballspiel f\u00fcr die Inhaftierten einen Moment des Menschseins bedeutete. Das Wissen, dass fast alle Protagonisten, auch die Kinder kurz darauf ermordet wurden.<\/p>\n<p style=\"text-align: justify;\">Vielleicht ist es das beste, sich selbst auf die Spurensuche zu begeben. Morgen, am ersten Februar, setze ich mich in mein Auto und fahre nach Theresienstadt. Ich nehme meine Kamera mit, ich nehme mich mit. Zwei Tage sp\u00e4ter fahre ich nach Polen, nach Auschwitz. Wer wei\u00df schon, wie ich zur\u00fcck komme. Ob ich fotografiere. Ob ich schreibe. Und wie ich eine Gegenwart sehe, in der die Art und Weise der \u00f6ffentlichen Debatte \u00fcber Fl\u00fcchtlinge schon lange auf eine Vergangenheit verweist, in der die Entmenschlichung eines jeweils anderen zur gr\u00f6\u00dften Katastrophe der Menschheit gef\u00fchrt hat.<\/p>\n<p><iframe src=\"https:\/\/www.youtube.com\/embed\/xLlzC-qZWt8\" width=\"560\" height=\"315\" frameborder=\"0\" allowfullscreen=\"allowfullscreen\"><\/iframe><\/p>\n","protected":false},"excerpt":{"rendered":"<p>Stand schon die Waldtrib\u00fcne vor dem Spiel gegen Wolfsburg im Zeichen des Erinnerungstages anl\u00e4sslich der Befreiung des Konzentrationslagers Auschwitz vor 71 Jahren, so beteiligte sich das Eintracht Frankfurt Museum auch an der Pr\u00e4sentation des Filmes &#8222;Liga Terezin&#8220; in der J\u00fcdischen Gemeinde.<\/p>\n","protected":false},"author":2,"featured_media":11007,"comment_status":"open","ping_status":"open","sticky":false,"template":"","format":"standard","meta":{"ngg_post_thumbnail":0,"footnotes":""},"categories":[9,12],"tags":[1364,1950,1948,1952,1953,1951,1949],"class_list":["post-11004","post","type-post","status-publish","format-standard","has-post-thumbnail","hentry","category-eintracht-frankfurt","category-wortwelt","tag-holocaust","tag-julius-lehmann","tag-liga-terezin","tag-lindenstrasse","tag-peter-dippold","tag-shoah","tag-theresienstadt","post-preview"],"_links":{"self":[{"href":"https:\/\/www.beveswelt.de\/index.php?rest_route=\/wp\/v2\/posts\/11004","targetHints":{"allow":["GET"]}}],"collection":[{"href":"https:\/\/www.beveswelt.de\/index.php?rest_route=\/wp\/v2\/posts"}],"about":[{"href":"https:\/\/www.beveswelt.de\/index.php?rest_route=\/wp\/v2\/types\/post"}],"author":[{"embeddable":true,"href":"https:\/\/www.beveswelt.de\/index.php?rest_route=\/wp\/v2\/users\/2"}],"replies":[{"embeddable":true,"href":"https:\/\/www.beveswelt.de\/index.php?rest_route=%2Fwp%2Fv2%2Fcomments&post=11004"}],"version-history":[{"count":3,"href":"https:\/\/www.beveswelt.de\/index.php?rest_route=\/wp\/v2\/posts\/11004\/revisions"}],"predecessor-version":[{"id":11010,"href":"https:\/\/www.beveswelt.de\/index.php?rest_route=\/wp\/v2\/posts\/11004\/revisions\/11010"}],"wp:featuredmedia":[{"embeddable":true,"href":"https:\/\/www.beveswelt.de\/index.php?rest_route=\/wp\/v2\/media\/11007"}],"wp:attachment":[{"href":"https:\/\/www.beveswelt.de\/index.php?rest_route=%2Fwp%2Fv2%2Fmedia&parent=11004"}],"wp:term":[{"taxonomy":"category","embeddable":true,"href":"https:\/\/www.beveswelt.de\/index.php?rest_route=%2Fwp%2Fv2%2Fcategories&post=11004"},{"taxonomy":"post_tag","embeddable":true,"href":"https:\/\/www.beveswelt.de\/index.php?rest_route=%2Fwp%2Fv2%2Ftags&post=11004"}],"curies":[{"name":"wp","href":"https:\/\/api.w.org\/{rel}","templated":true}]}}