{"id":10809,"date":"2015-12-01T12:24:11","date_gmt":"2015-12-01T11:24:11","guid":{"rendered":"http:\/\/www.beveswelt.de\/?p=10809"},"modified":"2015-12-01T13:19:07","modified_gmt":"2015-12-01T12:19:07","slug":"darmstadt-also","status":"publish","type":"post","link":"https:\/\/www.beveswelt.de\/?p=10809","title":{"rendered":"Darmstadt also"},"content":{"rendered":"<p style=\"text-align: justify;\">Manchmal schl\u00e4gt der Fu\u00dfball ja seltsame Kapriolen. Hat die Eintracht vor gar nicht so langer Zeit erstmals seit knapp 50 Jahren wieder in einem Ligaspiel gegen den FSV Frankfurt gespielt, steht also nun erstmals seit 1982 ein Punktspiel gegen Darmstadt 98 an.<\/p>\n<p style=\"text-align: justify;\"><!--more--><\/p>\n<p style=\"text-align: justify;\">Zumindest was die erste Mannschaft der Eintracht angeht In der Oberliga bzw. Regionalliga trat die nun nicht mehr existente Amateurmannschaft der SGE des \u00d6fteren gegen die Lilien an. <a href=\"http:\/\/www.kicker.de\/news\/fussball\/amateure\/oberliga-hessen\/2007-08\/27\/834921\/direktvergleichliga_eintracht-frankfurt-ii-4415_sv-darmstadt-98-98.html\" target=\"_blank\">Damals <\/a>kickten wir am Riederwald oder Bornheimer Hang. Das bislang letzte Pflichtspiel der beiden Teams endete am 07.05.2011 nach einer umk\u00e4mpften Partie mit 2:3 aus Sicht der Eintracht. Spielort war der Bornheimer Hang, Zuschauerzahl: 1.100. Das Hinspiel am B\u00f6llenfalltor endete nach zwei Platzverweisen f\u00fcr die Eintracht vor 3.000 Zuschauern mit 2:1 f\u00fcr die Lilien. Am Ende der Saison stieg Darmstadt in die dritte Liga auf &#8211; der Rest ist Geschichte, die U23 der Eintracht wurde aufgel\u00f6st, Darmstadt schaffte den Durchmarsch in die Bundesliga.<\/p>\n<p style=\"text-align: justify;\">Der einzige Akteur, der beim letzten Aufeinandertreffen wie auch heuer dabei sein k\u00f6nnte ist Yannick Stark in Reihen von Darmstadt, der auch einige Zeit f\u00fcr die Eintracht kickte. Stark d\u00fcrfte am Wochenende jedoch keine Rolle spielen. W\u00e4hrend jedoch vor vier Jahren kaum jemand Notiz von der Partie nahm, ist dies nun anders. Das Stadion ist ausverkauft, die Jugend brennt.<\/p>\n<p style=\"text-align: justify;\">Immerhin haben in den vergangenen Jahrzehnten etliche Spieler f\u00fcr beide Clubs gespielt, so wie nun Marcel Heller, Jan Rosenthal oder Domnik Stroh-Engel, die mehr oder weniger erfolgreich f\u00fcr die Eintracht spielten und nun ihre Heimat in blau-wei\u00df gefunden haben. Lange spielte auch Jan Zimmermann in Darmstadt und wenn wir schon bei Torh\u00fctern sind, wollen wir nicht verschweigen, dass auch Oka Nikolov einige Jugendjahre dort verbracht hatte. Aber auch der langj\u00e4hrige SVD-Torh\u00fcter Dieter Rudolf spielte einst in Frankfurt.<\/p>\n<p style=\"text-align: justify;\">Gegen Ende ihrer Karriere wechselten auch drei gro\u00dfe Eintrachtler ans B\u00f6llenfalltor. W\u00e4hrend Erwin Stein, Europapokalfinalist 1960, und Wolfgang Solz, Frankfurts erster &#8222;Brasilianer&#8220;, die Eintracht eher unfreiwillig verlassen hatten, kam der DFB-Pokalsieger von 1974 und 1975, J\u00fcrgen Kalb \u00fcber den Umweg KSC zu den Lilien. Prompt siegte er auch gegen die Eintracht, beim bislang einzigen Bundesligasieg der Darmst\u00e4dter gegen die ruhmreiche SGE, damals im April 1979. Just in dieser Saison hatte auch Bum Kun Cha sein Bundesligadebut gegeben. Nach einem einzigen Spiel f\u00fcr Darmstadt (3:1 gegen den VfL Bochum) rief die Armee in S\u00fcdkorea, nach seiner R\u00fcckkehr in die BRD landete er bei der Eintracht. Aber auch Wolfgang Trapp, Michael Bl\u00e4ttel, Sascha Amst\u00e4tter oder Michael Anicic spielten f\u00fcr beide Vereine.<\/p>\n<p style=\"text-align: justify;\">Nat\u00fcrlich wirkten auch einige Trainer h\u00fcben wie dr\u00fcben, allen voran Lothar Buchmann, der mit der Eintracht 1981 Pokalsieger wurde und sich zuvor als erster Aufstiegstrainer der Darmst\u00e4dter feiern lassen konnte. J\u00f6rg Berger, unvergessen, fand seine erste Trainerstation im Westen bei den Lilien &#8211; und man h\u00f6re und staune: Auch Rudi Gramlich trainierte einst am B\u00f6llenfalltor.<\/p>\n<p style=\"text-align: justify;\">Das ist alles Schnee von Gestern. Nach 14 absolvierten Spielen liegt Darmstadt 98 einen Punkt vor der Eintracht, hat ein Spiel weniger verloren und spielt so, wie man es erwarten konnte. Vor allem mit Leidenschaft &#8211; w\u00e4hrend man bei der Eintracht die Saison am liebsten vorspulen m\u00f6chte. Statt von Europa zu tr\u00e4umen, scheint nun der Nichtabstieg das n\u00e4chste Ziel.<\/p>\n<p style=\"text-align: justify;\">Am Sonntag, den 6. Dezember spielt zun\u00e4chst die U19 der Eintracht am Riederwald gegen die Lilien, Anpfiff ist um 11:00. Trainer der Eintracht ist \u00fcbrigens Alexander Schur &#8211; der wom\u00f6glich kommende Trainer der Profis. Abends dann das gro\u00dfe Spiel im Waldstadion. 51.500 Zuschauer werden erwartet &#8211; 50.400 mehr als vor vier Jahren, so schnell kann es gehen.<\/p>\n<p style=\"text-align: justify;\">Dieser Text entstammt der Rubrik <em>Emotionen zur\u00fcckhalten<\/em> und ist betont sachlich gehalten. F\u00fcr Aufregung sorgte dieser Tage ja ein Aufkleber bzw Plakat, welches von s\u00e4mtlichen Medien hochbesorgt auf die erste Seite gehoben wurde. Der Fanclubverband hat darauf eine richtige Antwort gefunden, die ich euch nicht vorenthalten will:<\/p>\n<p style=\"text-align: justify;\"><em>Hallo EFCler,<\/em><\/p>\n<p><em>Ihr habt es ja wohl mitbekommen: Im Vorfeld des Derbys gegen den SVD 98 kursiert ein Sticker &#8222;Darmstadt vernichten&#8220;, um den es gerade in allen Medien gro\u00dfe Aufregung gibt.\u00a0 Wir wurden mehrmals aufgefordert, dazu Stellung zu beziehen, dann m\u00fcssen wir es wohl.<\/em><\/p>\n<p><em>Wir interpretieren dieses Motiv nicht als einen Aufruf zu Mord und Totschlag.<\/em><\/p>\n<p><em>Das Motiv ist eine Abwandlung des Plakats zu dem Film &#8222;Staunton Hill&#8220; (<a href=\"http:\/\/m.moviepilot.de\/movies\/staunton-hill\">http:\/\/m.moviepilot.de\/movies\/staunton-hill<\/a>), einen genretypischer Splatter-Movie, wo ein geistesgest\u00f6rter Dorftrottel Leute zerhackt.<\/em><\/p>\n<p><em>Es ist ein popkulturelles Zitat, das nat\u00fcrlich dazu benutzt wird, um die Darmst\u00e4dter Fanszene zu provozieren, dies aber in Form einer satirischen \u00dcbertreibung. Wir gehen nicht davon aus, dass sich ein Frankfurter selbst als buckligen, gest\u00f6rten Mutanten, der sich an wehrlosen Frauen vergreift, beschreiben w\u00fcrde. Wir gehen auch nicht davon aus, dass jetzt jemand aufgrund dieses Aufklebers mit der Axt losmarschiert, dann h\u00e4tten wir es mit einem echten Irren zu tun.<\/em><\/p>\n<p><em>Sicherlich ist dieser Scherz gewaltig in die Hose gegangen, die Aufregung darum halten wir aber auch f\u00fcr \u00fcbertrieben.<\/em><\/p>\n<p>Dem ist nichts mehr hinzuzuf\u00fcgen. M\u00f6ge der Adler majest\u00e4tisch in die L\u00fcfte steigen.<\/p>\n","protected":false},"excerpt":{"rendered":"<p>Manchmal schl\u00e4gt der Fu\u00dfball ja seltsame Kapriolen. Hat die Eintracht vor gar nicht so langer Zeit erstmals seit knapp 50 Jahren wieder in einem Ligaspiel gegen den FSV Frankfurt gespielt, steht also nun erstmals seit 1982 ein Punktspiel gegen Darmstadt 98 an.<\/p>\n","protected":false},"author":2,"featured_media":10811,"comment_status":"open","ping_status":"open","sticky":false,"template":"","format":"standard","meta":{"ngg_post_thumbnail":0,"footnotes":""},"categories":[9],"tags":[1823,1934],"class_list":["post-10809","post","type-post","status-publish","format-standard","has-post-thumbnail","hentry","category-eintracht-frankfurt","tag-eintracht-frankfurt","tag-sv-darmstadt98","post-preview"],"_links":{"self":[{"href":"https:\/\/www.beveswelt.de\/index.php?rest_route=\/wp\/v2\/posts\/10809","targetHints":{"allow":["GET"]}}],"collection":[{"href":"https:\/\/www.beveswelt.de\/index.php?rest_route=\/wp\/v2\/posts"}],"about":[{"href":"https:\/\/www.beveswelt.de\/index.php?rest_route=\/wp\/v2\/types\/post"}],"author":[{"embeddable":true,"href":"https:\/\/www.beveswelt.de\/index.php?rest_route=\/wp\/v2\/users\/2"}],"replies":[{"embeddable":true,"href":"https:\/\/www.beveswelt.de\/index.php?rest_route=%2Fwp%2Fv2%2Fcomments&post=10809"}],"version-history":[{"count":4,"href":"https:\/\/www.beveswelt.de\/index.php?rest_route=\/wp\/v2\/posts\/10809\/revisions"}],"predecessor-version":[{"id":10815,"href":"https:\/\/www.beveswelt.de\/index.php?rest_route=\/wp\/v2\/posts\/10809\/revisions\/10815"}],"wp:featuredmedia":[{"embeddable":true,"href":"https:\/\/www.beveswelt.de\/index.php?rest_route=\/wp\/v2\/media\/10811"}],"wp:attachment":[{"href":"https:\/\/www.beveswelt.de\/index.php?rest_route=%2Fwp%2Fv2%2Fmedia&parent=10809"}],"wp:term":[{"taxonomy":"category","embeddable":true,"href":"https:\/\/www.beveswelt.de\/index.php?rest_route=%2Fwp%2Fv2%2Fcategories&post=10809"},{"taxonomy":"post_tag","embeddable":true,"href":"https:\/\/www.beveswelt.de\/index.php?rest_route=%2Fwp%2Fv2%2Ftags&post=10809"}],"curies":[{"name":"wp","href":"https:\/\/api.w.org\/{rel}","templated":true}]}}