{"id":10728,"date":"2015-11-18T09:51:52","date_gmt":"2015-11-18T08:51:52","guid":{"rendered":"http:\/\/www.beveswelt.de\/?p=10728"},"modified":"2015-11-19T09:05:54","modified_gmt":"2015-11-19T08:05:54","slug":"19-november-2015-tza-praesidiale-runde","status":"publish","type":"post","link":"https:\/\/www.beveswelt.de\/?p=10728","title":{"rendered":"19. November 2015: TzA \u201ePr\u00e4sidiale Runde\u201c"},"content":{"rendered":"<p style=\"text-align: justify;\"><strong>G\u00e4ste: Dr. Klaus Gramlich, Matthias Ohms, Rolf Heller <\/strong><\/p>\n<p style=\"text-align: justify;\"><!--more--><\/p>\n<p style=\"text-align: justify;\">Im Rahmen der 36. Ausgabe der \u201eTradition zum Anfassen\u201c begr\u00fc\u00dfen wir am 19. November 2015 um 19.30 Uhr ehemalige Pr\u00e4sidenten der Frankfurter Eintracht im Museum.<\/p>\n<p style=\"text-align: justify;\">Es ist ein Ehrenamt, das mit ungeheurem Aufwand verbunden ist. Als Pr\u00e4sident eines Bundesligisten steht man in der \u00d6ffentlichkeit und muss oft Entscheidungen mit weitreichenden Konsequenzen treffen.\u00a0 Doch wie wird man Pr\u00e4sident? Wie l\u00e4sst sich Beruf und Ehrenamt vereinbaren und gelingt es in diesem Spagat, sich ein Privatleben zu erhalten? Diese und weitere Fragen wird Moderator Axel \u201eBeve\u201c Hoffmann mit unseren G\u00e4sten er\u00f6rtern.<\/p>\n<p style=\"text-align: justify;\">Dr. Klaus Gramlich, als Jugendlicher in der Rugby-Abteilung aktiv, \u00fcbernahm das Pr\u00e4sidentenamt bei der Eintracht 1983. Damit folgte er einer Familientradition, denn schon sein Vater Rudi Gramlich war lange Jahre Pr\u00e4sident am Riederwald. Unter der Regie von Klaus Gramlich gewann die Eintracht 1988 in Berlin den DFB-Pokal.<\/p>\n<p style=\"text-align: justify;\">Der B\u00f6rsenmakler Matthias Ohms war von 1988 bis 1996 Pr\u00e4sident der Frankfurter Eintracht. Die Mannschaft entwickelte sich Ende der 1980er Jahre vom Abstiegskandidaten zum Meisterschaftsanw\u00e4rter, Anfang der 1990er Jahre spielte die SGE den \u201eFu\u00dfball 2000\u201c. Zur zweiten Deutschen Meisterschaft sollte es aber nicht reichen. Nach dem \u00fcberraschenden Abstieg 1996 musste Matthias Ohms seinen Stuhl r\u00e4umen.<\/p>\n<p style=\"text-align: justify;\">Rolf Heller, lange Jahre Abteilungsleiter der Eintracht-Amateure, wurde im Herbst 1996 zum Pr\u00e4sidenten der Eintracht gek\u00fcrt. Mit viel Herzblut arbeitete er an der finanziellen Konsolidierung des Vereins, 1998 gelang der Wiederaufstieg in die Bundesliga. Rolf Heller war bis zum Jahr 2000 Pr\u00e4sident des Vereins.<\/p>\n<p style=\"text-align: justify;\">Das Eintracht Frankfurt Museum und die Fan- und F\u00f6rderabteilung freuen sich auf die erste \u201ePr\u00e4sidiale Runde\u201c im Eintracht Frankfurt Museum.<\/p>\n<p style=\"text-align: justify;\">Start: 19. November 2015, 19.30 Uhr im Eintracht Frankfurt Museum.<\/p>\n<p style=\"text-align: justify;\">Eintritt: 5,00 Euro, erm. 3,50 Euro.<\/p>\n<p style=\"text-align: justify;\">Mitglieder der Fan- und F\u00f6rderabteilung und F\u00f6rdermitglieder des Museums haben freien Eintritt.<\/p>\n<p style=\"text-align: justify;\"><a href=\"http:\/\/www.eintracht-frankfurt.de\/fileadmin\/upload\/sportarten\/FuFA\/TzA\/tza_36_27102015_web.pdf\" target=\"_blank\">Flyer zur Veranstaltung<\/a><\/p>\n","protected":false},"excerpt":{"rendered":"<p>G\u00e4ste: Dr. Klaus Gramlich, Matthias Ohms, Rolf Heller<\/p>\n","protected":false},"author":2,"featured_media":10729,"comment_status":"open","ping_status":"open","sticky":false,"template":"","format":"standard","meta":{"ngg_post_thumbnail":0,"footnotes":""},"categories":[9],"tags":[1925,109,1926,454,653],"class_list":["post-10728","post","type-post","status-publish","format-standard","has-post-thumbnail","hentry","category-eintracht-frankfurt","tag-dr-klaus-gramlich","tag-eintracht-frankfurt-museum","tag-matthias-ohms","tag-rolf-heller","tag-tza","post-preview"],"_links":{"self":[{"href":"https:\/\/www.beveswelt.de\/index.php?rest_route=\/wp\/v2\/posts\/10728","targetHints":{"allow":["GET"]}}],"collection":[{"href":"https:\/\/www.beveswelt.de\/index.php?rest_route=\/wp\/v2\/posts"}],"about":[{"href":"https:\/\/www.beveswelt.de\/index.php?rest_route=\/wp\/v2\/types\/post"}],"author":[{"embeddable":true,"href":"https:\/\/www.beveswelt.de\/index.php?rest_route=\/wp\/v2\/users\/2"}],"replies":[{"embeddable":true,"href":"https:\/\/www.beveswelt.de\/index.php?rest_route=%2Fwp%2Fv2%2Fcomments&post=10728"}],"version-history":[{"count":3,"href":"https:\/\/www.beveswelt.de\/index.php?rest_route=\/wp\/v2\/posts\/10728\/revisions"}],"predecessor-version":[{"id":10732,"href":"https:\/\/www.beveswelt.de\/index.php?rest_route=\/wp\/v2\/posts\/10728\/revisions\/10732"}],"wp:featuredmedia":[{"embeddable":true,"href":"https:\/\/www.beveswelt.de\/index.php?rest_route=\/wp\/v2\/media\/10729"}],"wp:attachment":[{"href":"https:\/\/www.beveswelt.de\/index.php?rest_route=%2Fwp%2Fv2%2Fmedia&parent=10728"}],"wp:term":[{"taxonomy":"category","embeddable":true,"href":"https:\/\/www.beveswelt.de\/index.php?rest_route=%2Fwp%2Fv2%2Fcategories&post=10728"},{"taxonomy":"post_tag","embeddable":true,"href":"https:\/\/www.beveswelt.de\/index.php?rest_route=%2Fwp%2Fv2%2Ftags&post=10728"}],"curies":[{"name":"wp","href":"https:\/\/api.w.org\/{rel}","templated":true}]}}