{"id":10381,"date":"2015-09-17T08:47:45","date_gmt":"2015-09-17T06:47:45","guid":{"rendered":"http:\/\/www.beveswelt.de\/?p=10381"},"modified":"2015-09-17T08:53:25","modified_gmt":"2015-09-17T06:53:25","slug":"bildnotwelcome","status":"publish","type":"post","link":"https:\/\/www.beveswelt.de\/?p=10381","title":{"rendered":"#bildnotwelcome"},"content":{"rendered":"<p style=\"text-align: justify;\">Es muss ja keine schlechte Sache sein, wenn statt des herk\u00f6mmlichen Logos am \u00c4rmel eines Bundesligatrikots ein Hinweis auf die Fl\u00fcchtlingssituation angebracht ist. Nahezu befremdlich mutete es an, wenn der neue Slogan mit einem Hinweis auf <del>die Tageszeitung <\/del>das Blatt versehen ist, welches seit Tagen damit Hausieren geht &#8211; und sich im Laufe der Jahrzehnte durchaus mit gegenteiligem Output in die Herzen der Deutschen geschrieben hat.<\/p>\n<p><!--more--><\/p>\n<p style=\"text-align: justify;\">Als bislang einzige Mannschaft hat sich der <a href=\"http:\/\/www.fcstpauli.com\/home\/verein\/news\/8321\" target=\"_blank\">FC St. Pauli von der Aktion distanziert<\/a>, will sich nicht von der BILD vereinnahmen lassen: <em>\u201eDer FC St. Pauli ist seit vielen Wochen auf verschiedenen Ebenen zu einem Thema, das seit Monaten alle emotional bewegt, aktiv, um den Menschen, die nach Deutschland geflohen sind, zu helfen. Unser Testspiel gegen Borussia Dortmund, das private Engagement unserer Spieler sowie verschiedenste Aktionen unserer Fans und Abteilungen f\u00fcr die Fl\u00fcchtlinge in Hamburg sind Beleg daf\u00fcr. Daher sehen wir f\u00fcr uns nicht die Notwendigkeit, an der geplanten, f\u00fcr alle Clubs freiwilligen Aktion der DFL teilzunehmen. Hier\u00fcber haben wir vorab alle Beteiligten informiert. Der FC St. Pauli steht f\u00fcr eine Willkommenskultur und wir handeln damit auf eine Art und Weise, die unseren Club schon seit Jahrzehnten ausmacht. Wir leisten ganz praktische und direkte Hilfe dort, wo sie gebraucht wird.\u201c<\/em><\/p>\n<p style=\"text-align: justify;\">Die Reaktion St. Paulis wurde laut <a href=\"http:\/\/www.bildblog.de\/70018\/wer-nicht-fuer-bild-werben-will-muss-gegen-fluechtlinge-sein\/\" target=\"_blank\">Bildblog <\/a>vertraulich an die Redaktion der BILD geschickt, welche daraufhin unter gro\u00dfem Get\u00f6se dem Club, der wie kein Zweiter f\u00fcr eine politische Haltung steht, vorwirft, dass Fl\u00fcchtlinge am Millerntor nicht willkommen sind &#8211; trotz der Tatsache, dass die BILD nat\u00fcrlich wissen muss, was Fans und Club in der Vergangenheit unternommen haben. Und darin zeigt sich die ganze Perfidie des Blattes, das wie immer sowohl beim Z\u00fcndeln als auch beim L\u00f6schen ganz vorne dabei ist. Nat\u00fcrlich gibt es keine Auseinandersetzung, nat\u00fcrlich keine inhaltliche Kritik. Populistische Polemik ist alles was bleibt, der Tag wird kommen, an dem die BILD \u00fcber kriminelle Syrer berichten wird, mit gro\u00dfen Fotos und roten Kreisen, w\u00e4hrend in Hamburg weiterhin die bekannte Haltung gelebt wird.<\/p>\n<p style=\"text-align: center;\"><a href=\"http:\/\/www.beveswelt.de\/wp-content\/uploads\/2015\/09\/KD.jpg\"><img decoding=\"async\" class=\"aligncenter size-full wp-image-10382\" src=\"http:\/\/www.beveswelt.de\/wp-content\/uploads\/2015\/09\/KD.jpg\" alt=\"KD\" width=\"290\" height=\"279\" \/><\/a>(Screenshot bildblog)<\/p>\n<p style=\"text-align: justify;\">Viele aber lassen sich nicht f\u00fcr dumm verkaufen. #bildnotwelcome macht die Runde und es w\u00e4re w\u00fcnschenswert, wenn andere Vereine sich gleichfalls der Aktion verweigern w\u00fcrden, um sich nicht vor den Karren der BILD spannen zu lassen. Die Frankfurter Eintracht hat ja schon Erfahrung, wie so etwas eigenst\u00e4ndig aussehen kann. <em>United Colors of Bembeltown <\/em>hie\u00df die Kampagne aus den 90ern, welche 2008 mit dem Slogan <em>United Colors of Frankfurt<\/em> wiederbelebt wurde.<\/p>\n<p style=\"text-align: center;\"><a href=\"http:\/\/www.beveswelt.de\/wp-content\/uploads\/2015\/09\/tza04.jpg\"><img decoding=\"async\" class=\"aligncenter size-full wp-image-10383\" src=\"http:\/\/www.beveswelt.de\/wp-content\/uploads\/2015\/09\/tza04.jpg\" alt=\"tza04\" width=\"652\" height=\"436\" srcset=\"https:\/\/www.beveswelt.de\/wp-content\/uploads\/2015\/09\/tza04.jpg 652w, https:\/\/www.beveswelt.de\/wp-content\/uploads\/2015\/09\/tza04-300x201.jpg 300w\" sizes=\"(max-width: 652px) 100vw, 652px\" \/><\/a>(Foto <a href=\"http:\/\/fanabteilung.de\/cms\/pages\/aktivitaeten\/tradition-zum-anfassen\/rueckblick.php\" target=\"_blank\">Fanabteilung<\/a>)<\/p>\n<p>&nbsp;<\/p>\n","protected":false},"excerpt":{"rendered":"<p>Es muss ja keine schlechte Sache sein, wenn statt des herk\u00f6mmlichen Logos am \u00c4rmel eines Bundesligatrikots ein Hinweis auf die Fl\u00fcchtlingssituation angebracht ist. Nahezu befremdlich mutete es an, wenn der neue Slogan mit einem Hinweis auf die Tageszeitung das Blatt versehen ist, welches seit Tagen damit Hausieren geht &#8211; und sich im Laufe der Jahrzehnte [&hellip;]<\/p>\n","protected":false},"author":2,"featured_media":10382,"comment_status":"open","ping_status":"open","sticky":false,"template":"","format":"standard","meta":{"ngg_post_thumbnail":0,"footnotes":""},"categories":[12],"tags":[1873,973,1874],"class_list":["post-10381","post","type-post","status-publish","format-standard","has-post-thumbnail","hentry","category-wortwelt","tag-bildnotwelcome","tag-fc-st-pauli","tag-united-colours-of-frankfurt","post-preview"],"_links":{"self":[{"href":"https:\/\/www.beveswelt.de\/index.php?rest_route=\/wp\/v2\/posts\/10381","targetHints":{"allow":["GET"]}}],"collection":[{"href":"https:\/\/www.beveswelt.de\/index.php?rest_route=\/wp\/v2\/posts"}],"about":[{"href":"https:\/\/www.beveswelt.de\/index.php?rest_route=\/wp\/v2\/types\/post"}],"author":[{"embeddable":true,"href":"https:\/\/www.beveswelt.de\/index.php?rest_route=\/wp\/v2\/users\/2"}],"replies":[{"embeddable":true,"href":"https:\/\/www.beveswelt.de\/index.php?rest_route=%2Fwp%2Fv2%2Fcomments&post=10381"}],"version-history":[{"count":2,"href":"https:\/\/www.beveswelt.de\/index.php?rest_route=\/wp\/v2\/posts\/10381\/revisions"}],"predecessor-version":[{"id":10385,"href":"https:\/\/www.beveswelt.de\/index.php?rest_route=\/wp\/v2\/posts\/10381\/revisions\/10385"}],"wp:featuredmedia":[{"embeddable":true,"href":"https:\/\/www.beveswelt.de\/index.php?rest_route=\/wp\/v2\/media\/10382"}],"wp:attachment":[{"href":"https:\/\/www.beveswelt.de\/index.php?rest_route=%2Fwp%2Fv2%2Fmedia&parent=10381"}],"wp:term":[{"taxonomy":"category","embeddable":true,"href":"https:\/\/www.beveswelt.de\/index.php?rest_route=%2Fwp%2Fv2%2Fcategories&post=10381"},{"taxonomy":"post_tag","embeddable":true,"href":"https:\/\/www.beveswelt.de\/index.php?rest_route=%2Fwp%2Fv2%2Ftags&post=10381"}],"curies":[{"name":"wp","href":"https:\/\/api.w.org\/{rel}","templated":true}]}}