{"id":10170,"date":"2015-08-24T09:39:13","date_gmt":"2015-08-24T07:39:13","guid":{"rendered":"http:\/\/www.beveswelt.de\/?p=10170"},"modified":"2015-08-24T15:02:29","modified_gmt":"2015-08-24T13:02:29","slug":"schoene-aussichten","status":"publish","type":"post","link":"https:\/\/www.beveswelt.de\/?p=10170","title":{"rendered":"Sch\u00f6ne Aussichten"},"content":{"rendered":"<p style=\"text-align: justify;\">Heimauftakt der Eintracht &#8211; und auf dem Weg zum Stadion machte sich erstmals seit Monaten so etwas wie Vorfreude bemerkbar. Die Sonne beleuchtete den Tag, unter der Woche gab Alex Meier eine bemerkenswerte Kinderpressekonferenz und bei Ankunft im Museum der Eintracht \u00fcberall <em>Hallo<\/em> und <em>Gudewie<\/em>. Heimspiel. Heimat.<\/p>\n<p style=\"text-align: justify;\"><!--more--><\/p>\n<p style=\"text-align: justify;\">Die Waldtrib\u00fcne war aufgebaut &#8211; und im End muss man sagen, dass die spektakul\u00e4ren Momente sich adrett vor dem Spiel pr\u00e4sentierten. Neben all den Menschen, die seit Jahr und Tag vor Ort sind, konnten wir auf der Waldtrib\u00fcne einige nette G\u00e4ste begr\u00fc\u00dfen. Wie immer enterte Doc Hermann die B\u00fchne und hatte diesmal sogar ein h\u00f6chst seltenes Exponat mitgebracht: Eine Uhr des einstigen Eintrachtspielers Fritz Schaller von 1927, die er von seinem Arbeitgeber, der Schuhfabrik J. &amp; C.A Schneider, besser bekannt als Schlappeschneider \u00fcberreicht bekommen hatte. JCAS war seinerzeit M\u00e4zen der Eintracht, die Inhaber, die Gebr\u00fcder Adler und Walter Neumann, gro\u00dfe Eintrachtfans &#8211; und viele Eintrachtler waren beim Schlappeschneider angestellt, so auch Fritz Schaller, genannt Bujo. Als die Nazis die Macht \u00fcbernommen hatten, wurde die Firma arisiert, die j\u00fcdischen Inhaber mussten fliehen.<\/p>\n<p style=\"text-align: justify;\">Rainer Weidenhiller vom Supportersclub Augsburg freute sich nat\u00fcrlich m\u00e4chtig auf die Auslosung im Uefa-Cup, der EFC Sinnlos hat mittlerweile \u00fcber 200 Mitglieder, sogar eine Sektion Mainz gibt es und der Neue im Team der Fanbetreung, Julian Schneider hat nunmehr die ersten Monate hinter sich und sich schon in die Arbeit hineingefuchst. Fu\u00dfball hinter den Kulissen ist manchmal aufreibender, als es sich der gemeine Fan so vorstellt, so seine Erfahrungen w\u00e4hrend der ersten Monate.<\/p>\n<p style=\"text-align: justify;\">Spannend dann <a href=\"http:\/\/www.sport1.de\/fussball\/bundesliga\/2015\/08\/eintracht-frankfurts-praesident-peter-fischer-kritisiert-rb-leipzig\" target=\"_blank\">der Auftritt des Eintrachtpr\u00e4sidenten Peter Fischer,<\/a> der wie immer kein Blatt vor den Mund nimmt, wenn es sich um seine Eintracht handelt &#8211; so auch diesmal. Hintergrund war der Wechsel etlicher Spieler aus dem Leistungszentrum zu Vereinen, die fremdfianziert werden und sich somit dem Wettbewerb entziehen. Dass die Eintracht dennoch eine Fasziantion aus\u00fcbt, zeigt sich nicht zuletzt daran, dass beim Spiel gegen Augsburg sowohl Kevin Trapp als auch Benny K\u00f6hler anwesend waren. Kevin wurde f\u00fcrs Erste verabschiedet, da er nun in Paris kickt und K\u00f6hler scheint seine schlimme Erkrankung \u00fcberwunden zu haben. Zur\u00fcck zu Eintracht &#8211; ob dies auch f\u00fcr Sebastian Jung gilt, der in Wolfsburg ein Reservistendasein fristet? Fischer ist \u00fcberzeugt davon, dass auch Jung eines Tages wieder f\u00fcr die SGE kickt. Interessant dann die Startaufstellung. Inui nicht im Kader und Gerezgiher von Beginn an. Mit ihm, Russ, Chandler und Waldschmidt sollten gleich vier Spieler im Kader stehen, die dem Leistungszentrum entstammen &#8211; dazu kommen ja mit Kittel und Stendera noch zwei weitere Kicker, die derzeit verletzt sind. Keine schlechte Quote.<\/p>\n<p style=\"text-align: justify;\">Das Spiel war im Folgenden ein einziges \u00c4rgernis, sieht man einmal von zwei Aspekten ab. Zum einen scheint der neue Torh\u00fcter, Lukas Hradecky, durchaus in die Fu\u00dfstapfen Trapps zu passen. Ohne seine Paraden h\u00e4tte die Eintracht keinen Punkt geholt. Zum anderen konnte Waldschmidt seine Hereinnahme mit einer Torvorlage kr\u00f6nen. Waldschmidt tr\u00e4gt ja die Nummer 24, wie zuvor Jung und Alex Schur &#8211; eine Frankfurter Nummer gewisserma\u00dfen.<\/p>\n<p style=\"text-align: justify;\">Der Rest war grausam. Misslungene Ballannahmen, Fehlp\u00e4sse, drucklos, ja phasenweise hilflos lie\u00df sich die Eintracht von keineswegs \u00fcberragenden aber umso weinerlichen Augsburgern den Schneid abkaufen. H\u00f6hepunkt dann nach ca 80 Minuten, als keiner im Eintrachttrikot sich bequemen wollte, eine Ecke auszuf\u00fchren &#8211; bei 0:1 R\u00fcckstand. Durch den Treffer von Russ kam die SGE immerhin noch mit einem blauen Auge davon, dem Spielverlauf nach d\u00fcrfte sich Augsburg mehr \u00e4rgern.<\/p>\n<p style=\"text-align: justify;\">Gemeinhin wird ja seit Vehs Amtsantritt der Truppe eine gute Laune attestiert &#8211; ich aber w\u00fcrde mir diese gute Laune nicht am Anfang der Saison, sondern am Ende w\u00fcnschen &#8211; bis dahin wird es ein steiniger Weg. Hasebe als Rechtsverteidiger ist keine Dauerl\u00f6sung &#8211; ihn statt Gerezgiher nach der Halbzeit im Spiel zu lassen war auch kein Zeichen von St\u00e4rke. Ganz sicher war auch das Team ohne Inui nicht st\u00e4rker als mit ihm. Und letztlich muss man feststellen: In Wolfsburg ordentlich, gegen Augsburg katastrophal &#8211; das konnte auch Thomas Schaaf. Jetzt gehts zum punktlosen VfB. Sch\u00f6ne Aussichten, sollten sich die Geschehnisse aus der vergangenen Saison auch weiterhin wiederholen.<\/p>\n","protected":false},"excerpt":{"rendered":"<p>Heimauftakt der Eintracht &#8211; und auf dem Weg zum Stadion machte sich erstmals seit Monaten so etwas wie Vorfreude bemerkbar. Die Sonne beleuchtete den Tag, unter der Woche gab Alex Meier eine bemerkenswerte Kinderpressekonferenz und bei Ankunft im Museum der Eintracht \u00fcberall Hallo und Gudewie. Heimspiel. Heimat.<\/p>\n","protected":false},"author":2,"featured_media":10171,"comment_status":"open","ping_status":"open","sticky":false,"template":"","format":"standard","meta":{"ngg_post_thumbnail":0,"footnotes":""},"categories":[9],"tags":[1823,1809,1813,1812,1811,408,1810,847],"class_list":["post-10170","post","type-post","status-publish","format-standard","has-post-thumbnail","hentry","category-eintracht-frankfurt","tag-eintracht-frankfurt","tag-fc-augsburg","tag-fritz-schaller","tag-luca-waldschmidt","tag-lukas-hradecky","tag-peter-fischer","tag-schoene-aussichten","tag-waldtribune","post-preview"],"_links":{"self":[{"href":"https:\/\/www.beveswelt.de\/index.php?rest_route=\/wp\/v2\/posts\/10170","targetHints":{"allow":["GET"]}}],"collection":[{"href":"https:\/\/www.beveswelt.de\/index.php?rest_route=\/wp\/v2\/posts"}],"about":[{"href":"https:\/\/www.beveswelt.de\/index.php?rest_route=\/wp\/v2\/types\/post"}],"author":[{"embeddable":true,"href":"https:\/\/www.beveswelt.de\/index.php?rest_route=\/wp\/v2\/users\/2"}],"replies":[{"embeddable":true,"href":"https:\/\/www.beveswelt.de\/index.php?rest_route=%2Fwp%2Fv2%2Fcomments&post=10170"}],"version-history":[{"count":3,"href":"https:\/\/www.beveswelt.de\/index.php?rest_route=\/wp\/v2\/posts\/10170\/revisions"}],"predecessor-version":[{"id":10174,"href":"https:\/\/www.beveswelt.de\/index.php?rest_route=\/wp\/v2\/posts\/10170\/revisions\/10174"}],"wp:featuredmedia":[{"embeddable":true,"href":"https:\/\/www.beveswelt.de\/index.php?rest_route=\/wp\/v2\/media\/10171"}],"wp:attachment":[{"href":"https:\/\/www.beveswelt.de\/index.php?rest_route=%2Fwp%2Fv2%2Fmedia&parent=10170"}],"wp:term":[{"taxonomy":"category","embeddable":true,"href":"https:\/\/www.beveswelt.de\/index.php?rest_route=%2Fwp%2Fv2%2Fcategories&post=10170"},{"taxonomy":"post_tag","embeddable":true,"href":"https:\/\/www.beveswelt.de\/index.php?rest_route=%2Fwp%2Fv2%2Ftags&post=10170"}],"curies":[{"name":"wp","href":"https:\/\/api.w.org\/{rel}","templated":true}]}}