{"id":10135,"date":"2015-08-18T11:23:21","date_gmt":"2015-08-18T09:23:21","guid":{"rendered":"http:\/\/www.beveswelt.de\/?p=10135"},"modified":"2015-08-18T11:23:21","modified_gmt":"2015-08-18T09:23:21","slug":"allgemein-und-ueberhaupt-brezn","status":"publish","type":"post","link":"https:\/\/www.beveswelt.de\/?p=10135","title":{"rendered":"Allgemein und \u00fcberhaupt: Brezn"},"content":{"rendered":"<p style=\"text-align: justify;\">Mitte August, gelangweilt im Aldi-Prospekt gebl\u00e4ttert und Angebote zum Stichwort &#8222;Oktoberfest&#8220; entdeckt. Wiesenhendl, Lederbermudas, <em>Brezn<\/em>, Dirndl. Und schon schwillt mir der Kamm &#8211; spontan fallen mir dazu gleich drei Gr\u00fcnde ein. Ach was sag ich: Vier. Mindestens<\/p>\n<p style=\"text-align: justify;\"><!--more--><\/p>\n<p style=\"text-align: justify;\">Erstens die Schreibweise. Nur echt mit nostalgisch bayrischem Einschlag. <em>Brezn, Hendl<\/em>. Da f\u00fchl ich mich gleich ganz oktoberfestig. F\u00fcr vermeintlich kleines Geld kauf ich mir doch ein sch\u00f6nes Alpengl\u00fchenlebensgef\u00fchl und kann mich illusion\u00e4r sch\u00f6n in eine Kunstwelt schie\u00dfen und so sentimental gl\u00fccklich f\u00fchlen, wie ich es im Leben wahrscheinlich niemals sein werde. Ehrlich, wer au\u00dferhalb Bayerns, sprich seines nat\u00fcrlichen Lebens- und Sprachraumes <em>Brezn<\/em> oder <em>Hendl<\/em> sagt, ist in etwa genau so ernst zu nehmen, wie ein s\u00e4chsischer Nazi, der sich f\u00fcr einen Herrenmenschen h\u00e4lt. Wer dies jedoch in der strategischen Absicht der Gewinnmaximierung benutzt, spielt auf der gleichen Klaviatur, wie die bekannteste Boulevardzeitung der BRD. Das ist zynisch. Hey, guck mal, wir sind so erfrischend authentisch und bringen dir die sch\u00f6nen, g\u00fcnstigen Dinge f\u00fcr dein Lebensgef\u00fchl. Kalkuliert, absichtsvoll und immer in der Zeit voraus. Das Lebensgef\u00fchl existiert in deinem Kopf und wir verpflanzen es dort hinein, damit du nicht merkst, dass da eigentlich nichts vorhanden ist, au\u00dfer der leisen Ahnung, dass es anders sein k\u00f6nnte. Au\u00dfer weiter hecheln, der Zeit hinterher, dem Kaufgl\u00fcck hinterher. Deinem Leben hinterher. Das schneller vergeht, eh du <em>Brezn<\/em> sagen kannst.<\/p>\n<p style=\"text-align: justify;\">Zwei Monate vor dem eigentlichen Ereignis, Event oder was auch immer kannst du dich schon einkaufen, sicher ist sicher. Oktoberfest im September, den Kram dazu gibt es im August. Wie immer. Ich bin noch im Sommermodus und ihr wollt mir den Herbst andrehen. Ich laufe durch den g\u00fcldenen Herbst und ihr dr\u00fcckt mir Weihnachten aufs Auge. Ich sitze unter dem Tannenbaum und ihr kommt mir mit Karneval. Kaum laufe ich mit der Pappnase herum, wedelt ihr mit Ostern. Im Ernst, kaum ist das jeweilige Ereignis angekommen, kann ich es nicht mehr sehen, weil die Konsumterroristen es totgeworben haben, mich schon vorher daran erinnert haben, die Bilder ins Hirn gefr\u00e4st haben. Okay, Karneval geht mir am Arsch vorbei. Der Sommer nicht. Sie lassen dir gar keine Zeit mehr, zu entdecken, zu erleben, wahrzunehmen &#8211; sie ballern dir Bilder ins Hirn, und damit hat es sich. Kapitulation. Gebt mir Bier, Drogen, irgendwas &#8211; auf dass ich den Schei\u00df f\u00fcr Momente verdr\u00e4ngen kann. Irgendwann taucht eh der kleine D\u00e4mon auf, grinst dich an und fl\u00fcstert: <em>Brezn<\/em>. Sie besetzen deine Gedanken, definieren deine Gef\u00fchle, behaupten dein Gl\u00fcck und machen die entsprechenden Angebote. Ein Entrinnen ist nur mit gro\u00dfem Gedankenaufwand m\u00f6glich. F\u00fcr Momente. Wenn \u00fcberhaupt. Irgendwann kriegen sie jeden. Der Rest f\u00e4llt fr\u00fcher oder sp\u00e4ter der Krankenkasse zu Last. Suff oder Hirnfick, irgendwas der Art.<\/p>\n<p style=\"text-align: justify;\">Wann fing das eigentlich an, dass Oktoberfeste au\u00dferhalb Bayerns zelebriert werden, wo sie, wenn \u00fcberhaupt, hingeh\u00f6ren? In jedem Kaff, ob Berlin oder Frankfurt oder Quickborn\/Heide steht irgendwann ein blau-wei\u00dfes Rautenzelt mit blau-wei\u00dfen Rautentischdecken, es gibt Bier in Ma\u00dfen, Hendl und <em>Brezn<\/em>, dazu kreuzd\u00e4mliche Musik und die Massen str\u00f6men. Aldidirndl, Aldi Lederbermuda, Hoch die Tassen. Was treibt euch an? Weshalb kann man euch jeden Schei\u00df andrehen &#8211; und ihr macht mit? Ich h\u00f6re euch schon: <em>Was regst du dich so auf, tut doch keinem weh, ist mal was anderes, ist doch gesellig, ist doch nicht schlimm.<\/em> DOCH. Es ist w\u00fcrdelos, l\u00e4cherlich &#8211; und es ist ein Kniff im Zeitalter der belanglosen Eventisierung des gleich belanglosen Alltages, um euch zu verschei\u00dfern, um an euer Geld zu kommen und euch Geschichten zu geben, die eigentlich niemand h\u00f6ren will. Inszenierung der Idiotie und wir? Hauptdarsteller und Statisten in einem auf der Narrenb\u00fchne. Deutsche Leitkultur, wer nicht mitspielt, fliegt raus. DAS ist UNSERE Identit\u00e4t. Nichts ist echt.<\/p>\n<p style=\"text-align: justify;\">Ich spiel da nicht mit. Konnte ich noch nie. Da steht man halt machmal etwas abseits und versaut jedem die gute Laune. Manchmal w\u00fcrde ich ja gerne mitspielen, einfach so, ohne Hintergedanken. Heilig Abend in die Kirche, Pappnase an Fasching, Blumen am Valentinstag, Mottoparty an Ostern, lustige WM-H\u00fcte, Oktoberfest, Halloween, das ganze Programm, arglos, ist doch nett. Aber es geht nicht. Mal schreib ich um mich, mal geh ich weg und guck den G\u00e4nsebl\u00fcmchen beim Wachsen zu, mal klammer ich mich an Buddha, der mich auslacht, mal trinke ich mehr als mir gut tut. Mal liege ich in der H\u00e4ngematte, schaue aufs Meer und h\u00e4nge meinen Gedanken nach. Hinter mir ein Gecko, \u00fcber mir ein Fischadler Die zivilisiastorische Kultur, industriegesteuert, interessengesteuert, sie kann mich mal. Und sie holt mich ein.<\/p>\n<p style=\"text-align: justify;\">Im Ernst, wir leben in einem der reichten L\u00e4nder der Erde &#8211; und worauf fu\u00dft das Ganze? Okay, auf einem verlorenem Weltkrieg, den Amerikanern &#8211; und auf <em>Brezn<\/em>. Industriebrezn bei Aldi. Da l\u00e4uft doch was gewaltig schief.<\/p>\n","protected":false},"excerpt":{"rendered":"<p>Mitte August, gelangweilt im Aldi-Prospekt gebl\u00e4ttert und Angebote zum Stichwort &#8222;Oktoberfest&#8220; entdeckt. Wiesenhendl, Lederbermudas, Brezn, Dirndl. Und schon schwillt mir der Kamm &#8211; spontan fallen mir dazu gleich drei Gr\u00fcnde ein. Ach was sag ich: Vier. Mindestens<\/p>\n","protected":false},"author":2,"featured_media":10136,"comment_status":"open","ping_status":"open","sticky":false,"template":"","format":"standard","meta":{"ngg_post_thumbnail":0,"footnotes":""},"categories":[12],"tags":[1804,1806,188,1805,1803,1807],"class_list":["post-10135","post","type-post","status-publish","format-standard","has-post-thumbnail","hentry","category-wortwelt","tag-brezn","tag-event","tag-geld","tag-kapitalismus","tag-narren","tag-oktoberfest","post-preview"],"_links":{"self":[{"href":"https:\/\/www.beveswelt.de\/index.php?rest_route=\/wp\/v2\/posts\/10135","targetHints":{"allow":["GET"]}}],"collection":[{"href":"https:\/\/www.beveswelt.de\/index.php?rest_route=\/wp\/v2\/posts"}],"about":[{"href":"https:\/\/www.beveswelt.de\/index.php?rest_route=\/wp\/v2\/types\/post"}],"author":[{"embeddable":true,"href":"https:\/\/www.beveswelt.de\/index.php?rest_route=\/wp\/v2\/users\/2"}],"replies":[{"embeddable":true,"href":"https:\/\/www.beveswelt.de\/index.php?rest_route=%2Fwp%2Fv2%2Fcomments&post=10135"}],"version-history":[{"count":1,"href":"https:\/\/www.beveswelt.de\/index.php?rest_route=\/wp\/v2\/posts\/10135\/revisions"}],"predecessor-version":[{"id":10137,"href":"https:\/\/www.beveswelt.de\/index.php?rest_route=\/wp\/v2\/posts\/10135\/revisions\/10137"}],"wp:featuredmedia":[{"embeddable":true,"href":"https:\/\/www.beveswelt.de\/index.php?rest_route=\/wp\/v2\/media\/10136"}],"wp:attachment":[{"href":"https:\/\/www.beveswelt.de\/index.php?rest_route=%2Fwp%2Fv2%2Fmedia&parent=10135"}],"wp:term":[{"taxonomy":"category","embeddable":true,"href":"https:\/\/www.beveswelt.de\/index.php?rest_route=%2Fwp%2Fv2%2Fcategories&post=10135"},{"taxonomy":"post_tag","embeddable":true,"href":"https:\/\/www.beveswelt.de\/index.php?rest_route=%2Fwp%2Fv2%2Ftags&post=10135"}],"curies":[{"name":"wp","href":"https:\/\/api.w.org\/{rel}","templated":true}]}}